{"id":2773,"date":"2017-08-04T19:59:17","date_gmt":"2017-08-04T22:59:17","guid":{"rendered":"https:\/\/hostnetart.com.br\/baixada\/normativa-da-caixa-indica-fim-dos-concursos\/"},"modified":"2017-08-04T19:59:17","modified_gmt":"2017-08-04T22:59:17","slug":"normativa-da-caixa-indica-fim-dos-concursos","status":"publish","type":"post","link":"https:\/\/hostnetart.com.br\/baixada\/normativa-da-caixa-indica-fim-dos-concursos\/","title":{"rendered":"Normativa da Caixa indica fim dos concursos"},"content":{"rendered":"<p><em><span style=\"text-decoration: underline;\">No rastro da nova legisla\u00e7\u00e3o trabalhista, banco solta uma norma sobre contrata\u00e7\u00e3o de trabalhadores tempor\u00e1rios<\/span><\/em><\/p>\n<p>A normativa da Caixa Econ\u00f4mica Federal, sobre trabalho tempor\u00e1rio indica que o banco n\u00e3o mais realizar\u00e1 concursos p\u00fablicos para a contrata\u00e7\u00e3o de seus funcion\u00e1rios. Nem vai convocar os concursos para assumir o lugar dos que se desligaram nos planos de aposentadorias.<\/p>\n<p>\u201cEssa \u00e9 uma das consequ\u00eancias sobre as quais alert\u00e1vamos que aconteceria se a reforma trabalhista proposta pelo governo Temer fosse aprovada. Esse presidente n\u00e3o tem responsabilidade com os trabalhadores e, por isso, n\u00e3o se importa de cortar direitos trabalhistas ou criar subemprego com menores sal\u00e1rios e nenhum direito\u201d, disse Roberto von der Osten, presidente da Confedera\u00e7\u00e3o Nacional dos Trabalhadores do Ramo Financeiro (Contraf-CUT).<\/p>\n<p><strong>Quem trabalha em banco, banc\u00e1rio \u00e9<\/strong><br \/>De acordo com a norma, os trabalhadores ser\u00e3o contratados por meio de empresas especializadas na presta\u00e7\u00e3o de servi\u00e7os tempor\u00e1rios para realizar as tarefas de t\u00e9cnico banc\u00e1rio e n\u00e3o ter\u00e3o nenhum v\u00ednculo empregat\u00edcio com a Caixa.<\/p>\n<p>\u201cVamos continuar defendendo que, quem trabalha em banco, banc\u00e1rio \u00e9. Portanto, tem os mesmos direitos e devem receber os mesmos sal\u00e1rios dos empregados concursados que exercem as mesmas fun\u00e7\u00f5es. E vamos continuar exigindo que sejam convocados para assumir os cargos os aprovados no \u00faltimo concurso realizado pela Caixa\u201d, disse o presidente da Contraf-CUT.<\/p>\n<p>A norma n\u00e3o estipula a quantidade de tempor\u00e1rios que ser\u00e3o contratados, apenas define que o n\u00famero de contrata\u00e7\u00f5es depender\u00e1 da disponibilidade or\u00e7ament\u00e1ria e dos resultados esperados pelo gestor demandante, com base no que for determinado pela Ger\u00eancia Nacional do Quadro de Pessoas e Remunera\u00e7\u00e3o (Geper).<\/p>\n<p>\u201cEsse governo est\u00e1 promovendo um verdadeiro desmonte da Caixa e prejudicando seu papel de banco p\u00fablico. Essa norma \u00e9 mais um passo deste desmonte, que ser\u00e1 discutido com o banco em reuni\u00e3o agendada para o dia 15\/08\u201d, disse Dion\u00edsio Reis, coordenador da Comiss\u00e3o Executiva dos Empregados da Caixa (CEE\/Caixa).<\/p>\n","protected":false},"excerpt":{"rendered":"<p>No rastro da nova legisla\u00e7\u00e3o trabalhista, banco solta uma norma sobre contrata\u00e7\u00e3o de trabalhadores tempor\u00e1rios A normativa da Caixa Econ\u00f4mica Federal, sobre trabalho tempor\u00e1rio indica que o banco n\u00e3o mais realizar\u00e1 concursos p\u00fablicos para a contrata\u00e7\u00e3o de seus funcion\u00e1rios. Nem vai convocar os concursos para assumir o lugar dos que se desligaram nos planos de [&hellip;]<\/p>\n","protected":false},"author":2,"featured_media":2772,"comment_status":"","ping_status":"","sticky":false,"template":"","format":"standard","meta":{"footnotes":""},"categories":[3],"tags":[],"class_list":["post-2773","post","type-post","status-publish","format-standard","has-post-thumbnail","hentry","category-noticias"],"_links":{"self":[{"href":"https:\/\/hostnetart.com.br\/baixada\/wp-json\/wp\/v2\/posts\/2773","targetHints":{"allow":["GET"]}}],"collection":[{"href":"https:\/\/hostnetart.com.br\/baixada\/wp-json\/wp\/v2\/posts"}],"about":[{"href":"https:\/\/hostnetart.com.br\/baixada\/wp-json\/wp\/v2\/types\/post"}],"author":[{"embeddable":true,"href":"https:\/\/hostnetart.com.br\/baixada\/wp-json\/wp\/v2\/users\/2"}],"replies":[{"embeddable":true,"href":"https:\/\/hostnetart.com.br\/baixada\/wp-json\/wp\/v2\/comments?post=2773"}],"version-history":[{"count":0,"href":"https:\/\/hostnetart.com.br\/baixada\/wp-json\/wp\/v2\/posts\/2773\/revisions"}],"wp:featuredmedia":[{"embeddable":true,"href":"https:\/\/hostnetart.com.br\/baixada\/wp-json\/wp\/v2\/media\/2772"}],"wp:attachment":[{"href":"https:\/\/hostnetart.com.br\/baixada\/wp-json\/wp\/v2\/media?parent=2773"}],"wp:term":[{"taxonomy":"category","embeddable":true,"href":"https:\/\/hostnetart.com.br\/baixada\/wp-json\/wp\/v2\/categories?post=2773"},{"taxonomy":"post_tag","embeddable":true,"href":"https:\/\/hostnetart.com.br\/baixada\/wp-json\/wp\/v2\/tags?post=2773"}],"curies":[{"name":"wp","href":"https:\/\/api.w.org\/{rel}","templated":true}]}}