{"id":2771,"date":"2017-08-04T19:53:51","date_gmt":"2017-08-04T22:53:51","guid":{"rendered":"https:\/\/hostnetart.com.br\/baixada\/confira-resultado-final-das-eleicoes-santanderprevi\/"},"modified":"2017-08-04T19:53:51","modified_gmt":"2017-08-04T22:53:51","slug":"confira-resultado-final-das-eleicoes-santanderprevi","status":"publish","type":"post","link":"https:\/\/hostnetart.com.br\/baixada\/confira-resultado-final-das-eleicoes-santanderprevi\/","title":{"rendered":"Confira resultado final das elei\u00e7\u00f5es SantanderPrevi"},"content":{"rendered":"<p>As elei\u00e7\u00f5es para o Conselho Fiscal e Conselho Deliberativo do SantanderPrevi terminaram nesta quinta-feira (3), e os votos &#8211; que foram efetuados pela internet &#8211; j\u00e1 foram apurados. Ao total, foram registrados 3.338 votos, o que representa menos de 10% dos participantes. A candidata da chapa da representa\u00e7\u00e3o, Patr\u00edcia Bassanin Delgado, foi eleita para o Conselho Fiscal com 53,42% dos votos, uma vit\u00f3ria importante para os participantes. Orlando Puccetti ficou em segundo lugar no Conselho Deliberativo.<\/p>\n<p>&#8220;Agrade\u00e7o muito o apoio e a dedica\u00e7\u00e3o de todos. Foram semanas de muita luta, com advers\u00e1rios apoiados pelo banco. Sa\u00edmos todos vitoriosos dessa batalha&#8221;, afirma a nova conselheira.<\/p>\n<p><strong>Baixo qu\u00f3rum<\/strong><br \/>Camilo Fernandes, presidente da associa\u00e7\u00e3o dos funcion\u00e1rios da ativa e aposentados do Grupo Santander Banespa, Banesprev e Cabesp (Afubesp), avalia que a participa\u00e7\u00e3o dos banc\u00e1rios foi t\u00edmida, ainda que seja o primeiro pleito democr\u00e1tico para o SantanderPrevi. &#8220;Dentro do qu\u00f3rum, tivemos uma boa vota\u00e7\u00e3o, com destaque para a elei\u00e7\u00e3o da Patr\u00edcia. Agora sim teremos uma representante zelando pelo patrim\u00f4nio dos trabalhadores&#8221;, disse o dirigente. Por\u00e9m, alerta que \u00e9 preciso alimentar nos trabalhadores a cultura de participar das elei\u00e7\u00f5es e se preocupar com o futuro do fundo. De um universo de mais de 40 mil participantes e assistidos, pouco mais de 3 mil fizeram valer suas vozes.<\/p>\n<p>Para Camilo, foi uma campanha desigual. &#8220;Os candidatos apoiados pela Afubesp e sindicatos em todo o Brasil visitaram as ag\u00eancias e departamentos do banco explicando a import\u00e2ncia do processo e a necessidade de ter representantes eleitos com o compromisso de defender os interesses dos trabalhadores&#8221;, disse. Infelizmente o que se constatou, segundo ele, foi desconhecimento ou at\u00e9 mesmo desinteresse dos participantes em votar. &#8220;Esperamos que no pr\u00f3ximo processo eleitoral haja um envolvimento maior. Para isso, vamos intensificar o debate na base.&#8221;<\/p>\n<p><strong>Campanha desigual<\/strong><br \/>Ao final da apura\u00e7\u00e3o, Camilo registrou em ata relatos de que os candidatos do banco, atrav\u00e9s de gestores e superintendentes de v\u00e1rios estados (com acesso irrestrito aos participantes por meio de mensagens por WhatsApp, liga\u00e7\u00f5es telef\u00f4nicas e reuni\u00f5es) usaram suas posi\u00e7\u00f5es de poder dentro do Santander para pressionar os funcion\u00e1rios a votar. Enquanto isso, os candidatos apoiados pelos sindicatos n\u00e3o usufru\u00edram das mesmas condi\u00e7\u00f5es. Orlando chegou a ser barrado de fazer campanha com os banc\u00e1rios da Torre.<\/p>\n<p><strong>Ass\u00e9dio<\/strong><br \/>Marcelo Malanga, eleito no Conselho Deliberativo, coleciona v\u00e1rias den\u00fancias de ass\u00e9dio moral registradas no Sindicato dos Banc\u00e1rios de S\u00e3o Paulo. O Diretor Comercial da rede SP-Capital, gestor de 14 regionais e aproximadamente 2 mil ag\u00eancias em S\u00e3o Paulo, \u00e9 respons\u00e1vel pelo adoecimento f\u00edsico e emocional de funcion\u00e1rios por conta da cobran\u00e7a abusiva de metas. &#8220;Os representantes continuar\u00e3o de olho nessas quest\u00f5es&#8221;, pontua Camilo.<\/p>\n<p><strong>Confira o resultado da apura\u00e7\u00e3o:<\/strong><br \/>Conselho Deliberativo:<br \/>Marcelo Malanga &#8211; 1832 votos &#8211; 54,88% &#8211; Eleito<br \/>Orlando Puccetti Junior &#8211; 1506 votos &#8211; 45,12%<\/p>\n<p><strong>Conselho Fiscal:<\/strong><br \/>Patr\u00edcia Bassanin Delgado &#8211; 1783 votos &#8211; 53,42% &#8211; Eleita<br \/>Luiz Antonio Batista &#8211; 1555 &#8211; 46,58%<\/p>\n<p><span style=\"text-decoration: underline;\"><em>Fonte: Afubesp<\/em><\/span><\/p>\n","protected":false},"excerpt":{"rendered":"<p>As elei\u00e7\u00f5es para o Conselho Fiscal e Conselho Deliberativo do SantanderPrevi terminaram nesta quinta-feira (3), e os votos &#8211; que foram efetuados pela internet &#8211; j\u00e1 foram apurados. Ao total, foram registrados 3.338 votos, o que representa menos de 10% dos participantes. A candidata da chapa da representa\u00e7\u00e3o, Patr\u00edcia Bassanin Delgado, foi eleita para o [&hellip;]<\/p>\n","protected":false},"author":2,"featured_media":2770,"comment_status":"","ping_status":"","sticky":false,"template":"","format":"standard","meta":{"footnotes":""},"categories":[3],"tags":[],"class_list":["post-2771","post","type-post","status-publish","format-standard","has-post-thumbnail","hentry","category-noticias"],"_links":{"self":[{"href":"https:\/\/hostnetart.com.br\/baixada\/wp-json\/wp\/v2\/posts\/2771","targetHints":{"allow":["GET"]}}],"collection":[{"href":"https:\/\/hostnetart.com.br\/baixada\/wp-json\/wp\/v2\/posts"}],"about":[{"href":"https:\/\/hostnetart.com.br\/baixada\/wp-json\/wp\/v2\/types\/post"}],"author":[{"embeddable":true,"href":"https:\/\/hostnetart.com.br\/baixada\/wp-json\/wp\/v2\/users\/2"}],"replies":[{"embeddable":true,"href":"https:\/\/hostnetart.com.br\/baixada\/wp-json\/wp\/v2\/comments?post=2771"}],"version-history":[{"count":0,"href":"https:\/\/hostnetart.com.br\/baixada\/wp-json\/wp\/v2\/posts\/2771\/revisions"}],"wp:featuredmedia":[{"embeddable":true,"href":"https:\/\/hostnetart.com.br\/baixada\/wp-json\/wp\/v2\/media\/2770"}],"wp:attachment":[{"href":"https:\/\/hostnetart.com.br\/baixada\/wp-json\/wp\/v2\/media?parent=2771"}],"wp:term":[{"taxonomy":"category","embeddable":true,"href":"https:\/\/hostnetart.com.br\/baixada\/wp-json\/wp\/v2\/categories?post=2771"},{"taxonomy":"post_tag","embeddable":true,"href":"https:\/\/hostnetart.com.br\/baixada\/wp-json\/wp\/v2\/tags?post=2771"}],"curies":[{"name":"wp","href":"https:\/\/api.w.org\/{rel}","templated":true}]}}