{"id":2769,"date":"2017-08-03T17:39:25","date_gmt":"2017-08-03T20:39:25","guid":{"rendered":"https:\/\/hostnetart.com.br\/baixada\/santanderprevi-hoje-e-o-ultimo-dia-para-votar\/"},"modified":"2017-08-03T17:39:25","modified_gmt":"2017-08-03T20:39:25","slug":"santanderprevi-hoje-e-o-ultimo-dia-para-votar","status":"publish","type":"post","link":"https:\/\/hostnetart.com.br\/baixada\/santanderprevi-hoje-e-o-ultimo-dia-para-votar\/","title":{"rendered":"SantanderPrevi: Hoje \u00e9 o \u00faltimo dia para votar"},"content":{"rendered":"<p><em><span style=\"text-decoration: underline;\">Ajude a eleger representantes alinhados aos interesses dos trabalhadores<\/span><\/em><\/p>\n<p>Hoje (quinta-feira, 3\/8) \u00e9 o \u00faltimo dia de vota\u00e7\u00e3o para escolha do Conselho Fiscal e Conselho Deliberativo do SantanderPrevi.<\/p>\n<p>A elei\u00e7\u00e3o ocorre ap\u00f3s quase 10 anos de mobiliza\u00e7\u00e3o dos trabalhadores banc\u00e1rios. Somente agora o Santander aceitou realizar elei\u00e7\u00f5es democr\u00e1ticas e transparentes para a elei\u00e7\u00e3o do conselho do SantanderPrevi. O fundo de pens\u00e3o dos funcion\u00e1rios oriundos do Banco Real sempre foi gerido pelo banco e recentemente apresentou rombo milion\u00e1rio que gerou perdas consider\u00e1veis aos participantes.<\/p>\n<p>\u201c\u00c9 importante eleger representantes que estejam alinhados aos interesses dos participantes. O dinheiro do fundo de pens\u00e3o \u00e9 dos trabalhadores do banco, n\u00e3o \u00e9 da institui\u00e7\u00e3o financeira\u201d, ressalta Camilo Fernandes, presidente da Associa\u00e7\u00e3o dos Funcion\u00e1rios do Grupo Santander Banespa, Banesprev e Cabesp (Afubesp) que, assim como a Confedera\u00e7\u00e3o dos Trabalhadores do Ramo Financeiro (Contraf-CUT), indica o voto em ORLANDO PUCCETTI JUNIOR para o Conselho Deliberativo e PATR\u00cdCIA BASSANIN DELGADO para o Conselho Fiscal.<\/p>\n<p>Para votar, v\u00e1 ao site do SantanderPrevi (www.santanderprevi.com.br) ou sistema intranet.<\/p>\n","protected":false},"excerpt":{"rendered":"<p>Ajude a eleger representantes alinhados aos interesses dos trabalhadores Hoje (quinta-feira, 3\/8) \u00e9 o \u00faltimo dia de vota\u00e7\u00e3o para escolha do Conselho Fiscal e Conselho Deliberativo do SantanderPrevi. A elei\u00e7\u00e3o ocorre ap\u00f3s quase 10 anos de mobiliza\u00e7\u00e3o dos trabalhadores banc\u00e1rios. Somente agora o Santander aceitou realizar elei\u00e7\u00f5es democr\u00e1ticas e transparentes para a elei\u00e7\u00e3o do conselho [&hellip;]<\/p>\n","protected":false},"author":2,"featured_media":2768,"comment_status":"","ping_status":"","sticky":false,"template":"","format":"standard","meta":{"footnotes":""},"categories":[3],"tags":[],"class_list":["post-2769","post","type-post","status-publish","format-standard","has-post-thumbnail","hentry","category-noticias"],"_links":{"self":[{"href":"https:\/\/hostnetart.com.br\/baixada\/wp-json\/wp\/v2\/posts\/2769","targetHints":{"allow":["GET"]}}],"collection":[{"href":"https:\/\/hostnetart.com.br\/baixada\/wp-json\/wp\/v2\/posts"}],"about":[{"href":"https:\/\/hostnetart.com.br\/baixada\/wp-json\/wp\/v2\/types\/post"}],"author":[{"embeddable":true,"href":"https:\/\/hostnetart.com.br\/baixada\/wp-json\/wp\/v2\/users\/2"}],"replies":[{"embeddable":true,"href":"https:\/\/hostnetart.com.br\/baixada\/wp-json\/wp\/v2\/comments?post=2769"}],"version-history":[{"count":0,"href":"https:\/\/hostnetart.com.br\/baixada\/wp-json\/wp\/v2\/posts\/2769\/revisions"}],"wp:featuredmedia":[{"embeddable":true,"href":"https:\/\/hostnetart.com.br\/baixada\/wp-json\/wp\/v2\/media\/2768"}],"wp:attachment":[{"href":"https:\/\/hostnetart.com.br\/baixada\/wp-json\/wp\/v2\/media?parent=2769"}],"wp:term":[{"taxonomy":"category","embeddable":true,"href":"https:\/\/hostnetart.com.br\/baixada\/wp-json\/wp\/v2\/categories?post=2769"},{"taxonomy":"post_tag","embeddable":true,"href":"https:\/\/hostnetart.com.br\/baixada\/wp-json\/wp\/v2\/tags?post=2769"}],"curies":[{"name":"wp","href":"https:\/\/api.w.org\/{rel}","templated":true}]}}