{"id":2765,"date":"2017-08-03T17:36:46","date_gmt":"2017-08-03T20:36:46","guid":{"rendered":"https:\/\/hostnetart.com.br\/baixada\/bb-retoma-agendamento-das-ccvs\/"},"modified":"2017-08-03T17:36:46","modified_gmt":"2017-08-03T20:36:46","slug":"bb-retoma-agendamento-das-ccvs","status":"publish","type":"post","link":"https:\/\/hostnetart.com.br\/baixada\/bb-retoma-agendamento-das-ccvs\/","title":{"rendered":"BB retoma agendamento das CCVs"},"content":{"rendered":"<p>O Banco do Brasil informou \u00e0 Contraf-CUT que concluiu a fase de planejamento das Comiss\u00f5es de Concilia\u00e7\u00e3o Extrajudiciais para este semestre e que as sess\u00f5es de concilia\u00e7\u00e3o j\u00e1 podem ser retomadas. <\/p>\n<p>O Banco informa que espera agora o atender os prazos usuais de atendimento em todo o pa\u00eds.<\/p>\n<p>\u201cOs sindicatos dever\u00e3o entrar em contato com as respectivas ger\u00eancias de Gest\u00e3o de Pessoas (Gepes) para acertar a data de retorno em cada localidade\u201d, explicou Wagner Nascimento, coordenador da Comiss\u00e3o de Empresa dos Funcion\u00e1rios da Caixa Econ\u00f4mica Federal.<\/p>\n<p>A Contraf-CUT enviar\u00e1 orienta\u00e7\u00f5es aos sindicatos e federa\u00e7\u00f5es para a retomada dos agendamentos.<\/p>\n","protected":false},"excerpt":{"rendered":"<p>O Banco do Brasil informou \u00e0 Contraf-CUT que concluiu a fase de planejamento das Comiss\u00f5es de Concilia\u00e7\u00e3o Extrajudiciais para este semestre e que as sess\u00f5es de concilia\u00e7\u00e3o j\u00e1 podem ser retomadas. O Banco informa que espera agora o atender os prazos usuais de atendimento em todo o pa\u00eds. \u201cOs sindicatos dever\u00e3o entrar em contato com [&hellip;]<\/p>\n","protected":false},"author":2,"featured_media":2764,"comment_status":"","ping_status":"","sticky":false,"template":"","format":"standard","meta":{"footnotes":""},"categories":[3],"tags":[],"class_list":["post-2765","post","type-post","status-publish","format-standard","has-post-thumbnail","hentry","category-noticias"],"_links":{"self":[{"href":"https:\/\/hostnetart.com.br\/baixada\/wp-json\/wp\/v2\/posts\/2765","targetHints":{"allow":["GET"]}}],"collection":[{"href":"https:\/\/hostnetart.com.br\/baixada\/wp-json\/wp\/v2\/posts"}],"about":[{"href":"https:\/\/hostnetart.com.br\/baixada\/wp-json\/wp\/v2\/types\/post"}],"author":[{"embeddable":true,"href":"https:\/\/hostnetart.com.br\/baixada\/wp-json\/wp\/v2\/users\/2"}],"replies":[{"embeddable":true,"href":"https:\/\/hostnetart.com.br\/baixada\/wp-json\/wp\/v2\/comments?post=2765"}],"version-history":[{"count":0,"href":"https:\/\/hostnetart.com.br\/baixada\/wp-json\/wp\/v2\/posts\/2765\/revisions"}],"wp:featuredmedia":[{"embeddable":true,"href":"https:\/\/hostnetart.com.br\/baixada\/wp-json\/wp\/v2\/media\/2764"}],"wp:attachment":[{"href":"https:\/\/hostnetart.com.br\/baixada\/wp-json\/wp\/v2\/media?parent=2765"}],"wp:term":[{"taxonomy":"category","embeddable":true,"href":"https:\/\/hostnetart.com.br\/baixada\/wp-json\/wp\/v2\/categories?post=2765"},{"taxonomy":"post_tag","embeddable":true,"href":"https:\/\/hostnetart.com.br\/baixada\/wp-json\/wp\/v2\/tags?post=2765"}],"curies":[{"name":"wp","href":"https:\/\/api.w.org\/{rel}","templated":true}]}}