{"id":2759,"date":"2017-08-03T17:28:58","date_gmt":"2017-08-03T20:28:58","guid":{"rendered":"https:\/\/hostnetart.com.br\/baixada\/nova-audiencia-sobre-reajustes-do-saude-caixa-e-remarcada-para-23-de-janeiro\/"},"modified":"2017-08-03T17:28:58","modified_gmt":"2017-08-03T20:28:58","slug":"nova-audiencia-sobre-reajustes-do-saude-caixa-e-remarcada-para-23-de-janeiro","status":"publish","type":"post","link":"https:\/\/hostnetart.com.br\/baixada\/nova-audiencia-sobre-reajustes-do-saude-caixa-e-remarcada-para-23-de-janeiro\/","title":{"rendered":"Nova audi\u00eancia sobre reajustes do Sa\u00fade Caixa \u00e9 remarcada para 23 de janeiro"},"content":{"rendered":"<p>Representantes dos empregados da Caixa Econ\u00f4mica Federal participaram nesta quarta-feira (2), na 22\u00aa Vara do Trabalho de Bras\u00edlia, da audi\u00eancia inaugural do processo ingressado pela Confedera\u00e7\u00e3o Nacional dos Trabalhadores do Ramo Financeiro (Contraf-CUT), Fenae e sindicatos de banc\u00e1rios, contra o aumento das mensalidades do Sa\u00fade Caixa. Na oportunidade, foi dado prazo para o Minist\u00e9rio P\u00fablico apresentar um parecer, e nova audi\u00eancia est\u00e1 marcada para 23 de janeiro de 2018. At\u00e9 l\u00e1, fica mantida a liminar obtida pelas entidades, em 31 de janeiro, que suspendeu o reajuste.<\/p>\n<p>Em 26 de janeiro deste ano, a dire\u00e7\u00e3o do banco divulgou comunicado informando aumentos que entrariam em vigor a partir de 1\u00ba de fevereiro. O valor passaria de 2% para 3,46% da remunera\u00e7\u00e3o base. J\u00e1 em rela\u00e7\u00e3o \u00e0 coparticipa\u00e7\u00e3o das despesas assistenciais, o percentual passaria de 20% para 30%, e o valor limite anual subiria de e R$ 2.400 para R$ 4.209,05.<\/p>\n<p>No processo ingressado no dia 27 de janeiro, as entidades representativas argumentaram que os reajustes no plano de sa\u00fade afrontam o Acordo Coletivo de Trabalho (ACT) 2016-2018, que determina que mudan\u00e7as desse tipo sejam negociadas. Quando concedeu a liminar, o juiz Renato Vieira de Faria, da 22\u00aa Vara do Trabalho de Bras\u00edlia, afirmou que \u201cse identifica no ato emanado unilateralmente pela parte r\u00e9 (Caixa) a contrariedade \u00e0s cl\u00e1usulas coletivas\u201d.<\/p>\n<p>O presidente da Federa\u00e7\u00e3o Nacional das Associa\u00e7\u00f5es de Pessoal da Caixa Econ\u00f4mica Federal (Fenae), Jair Pedro Ferreira, refor\u00e7a que os reajustes n\u00e3o se justificam. \u201cDiferentemente do que a dire\u00e7\u00e3o da Caixa insiste em dizer, estudos feitos por uma empresa contratada pelo banco mostram que os pr\u00f3ximos anos ser\u00e3o de super\u00e1vit. O argumento de resultado financeiro desfavor\u00e1vel a m\u00e9dio e longo prazo n\u00e3o se sustenta. Vamos continuar lutando contra o enfraquecimento da Caixa e a redu\u00e7\u00e3o dos direitos dos trabalhadores\u201d, diz.<\/p>\n<p>No cen\u00e1rio pessimista, segundo as proje\u00e7\u00f5es atuariais feita pela referida empresa, ser\u00e3o cerca de R$ 36,6 milh\u00f5es de super\u00e1vit neste ano e R$ 13,8 milh\u00f5es em 2018. No neutro, R$ 38,9 milh\u00f5es e R$ 18,2 milh\u00f5es, respectivamente. J\u00e1 no cen\u00e1rio positivo, o plano ser\u00e1 superavit\u00e1rio pelo menos nos tr\u00eas pr\u00f3ximos anos: R$ 42,2 milh\u00f5es em 2017, R$ 27,1 milh\u00f5es em 2018 e R$ 13,4 milh\u00f5es em 2019.<\/p>\n<p>\u201cA decis\u00e3o foi tomada sem qualquer debate com a categoria. Ali\u00e1s, \u00e9 assim que essa gest\u00e3o liderada por Gilberto Occhi tem agido. Trata-se tamb\u00e9m de um desrespeito ao acordo coletivo e a todas as inst\u00e2ncias de negocia\u00e7\u00e3o, como a CEE\/Caixa, o GT Sa\u00fade Caixa e o Conselho de Usu\u00e1rios do nosso plano de sa\u00fade\u201d, lembra o coordenador da Comiss\u00e3o Executiva dos Empregados (CEE\/Caixa\/Contraf-CUT), Dion\u00edsio Reis.<\/p>\n<p>Para a diretora de Sa\u00fade e Previd\u00eancia da Fenae, Fabiana Matheus, a pol\u00edtica de desvaloriza\u00e7\u00e3o dos empregados, atacando seus direitos, faz parte do mesmo projeto que quer enfraquecer a Caixa. \u201cO Sa\u00fade Caixa \u00e9 uma das maiores conquistas dos trabalhadores do banco. Vamos defende-lo a qualquer custo\u201d, acrescenta.<\/p>\n<p><strong>Fonte: Fenae<\/strong><\/p>\n","protected":false},"excerpt":{"rendered":"<p>Representantes dos empregados da Caixa Econ\u00f4mica Federal participaram nesta quarta-feira (2), na 22\u00aa Vara do Trabalho de Bras\u00edlia, da audi\u00eancia inaugural do processo ingressado pela Confedera\u00e7\u00e3o Nacional dos Trabalhadores do Ramo Financeiro (Contraf-CUT), Fenae e sindicatos de banc\u00e1rios, contra o aumento das mensalidades do Sa\u00fade Caixa. Na oportunidade, foi dado prazo para o Minist\u00e9rio P\u00fablico [&hellip;]<\/p>\n","protected":false},"author":2,"featured_media":2758,"comment_status":"","ping_status":"","sticky":false,"template":"","format":"standard","meta":{"footnotes":""},"categories":[3],"tags":[],"class_list":["post-2759","post","type-post","status-publish","format-standard","has-post-thumbnail","hentry","category-noticias"],"_links":{"self":[{"href":"https:\/\/hostnetart.com.br\/baixada\/wp-json\/wp\/v2\/posts\/2759","targetHints":{"allow":["GET"]}}],"collection":[{"href":"https:\/\/hostnetart.com.br\/baixada\/wp-json\/wp\/v2\/posts"}],"about":[{"href":"https:\/\/hostnetart.com.br\/baixada\/wp-json\/wp\/v2\/types\/post"}],"author":[{"embeddable":true,"href":"https:\/\/hostnetart.com.br\/baixada\/wp-json\/wp\/v2\/users\/2"}],"replies":[{"embeddable":true,"href":"https:\/\/hostnetart.com.br\/baixada\/wp-json\/wp\/v2\/comments?post=2759"}],"version-history":[{"count":0,"href":"https:\/\/hostnetart.com.br\/baixada\/wp-json\/wp\/v2\/posts\/2759\/revisions"}],"wp:featuredmedia":[{"embeddable":true,"href":"https:\/\/hostnetart.com.br\/baixada\/wp-json\/wp\/v2\/media\/2758"}],"wp:attachment":[{"href":"https:\/\/hostnetart.com.br\/baixada\/wp-json\/wp\/v2\/media?parent=2759"}],"wp:term":[{"taxonomy":"category","embeddable":true,"href":"https:\/\/hostnetart.com.br\/baixada\/wp-json\/wp\/v2\/categories?post=2759"},{"taxonomy":"post_tag","embeddable":true,"href":"https:\/\/hostnetart.com.br\/baixada\/wp-json\/wp\/v2\/tags?post=2759"}],"curies":[{"name":"wp","href":"https:\/\/api.w.org\/{rel}","templated":true}]}}