{"id":2757,"date":"2017-08-02T17:47:19","date_gmt":"2017-08-02T20:47:19","guid":{"rendered":"https:\/\/hostnetart.com.br\/baixada\/safra-tera-que-apresentar-relacao-de-lesados-por-cobranca-indevida\/"},"modified":"2017-08-02T17:47:19","modified_gmt":"2017-08-02T20:47:19","slug":"safra-tera-que-apresentar-relacao-de-lesados-por-cobranca-indevida","status":"publish","type":"post","link":"https:\/\/hostnetart.com.br\/baixada\/safra-tera-que-apresentar-relacao-de-lesados-por-cobranca-indevida\/","title":{"rendered":"Safra ter\u00e1 que apresentar rela\u00e7\u00e3o de lesados por cobran\u00e7a indevida"},"content":{"rendered":"<p>O Banco Safra ter\u00e1 que apresentar a rela\u00e7\u00e3o de consumidores lesados por cobran\u00e7a indevida executada pelo banco. O Minist\u00e9rio P\u00fablico do Estado do Rio de Janeiro havia entrado com a\u00e7\u00e3o civil p\u00fablica com a finalidade de ver reconhecida a ilegalidade da cobran\u00e7a de tarifa pela liquida\u00e7\u00e3o antecipada de m\u00fatuo ou financiamento.<\/p>\n<p>O Safra recorreu, alegando que o MP-RJ s\u00f3 poderia ter acionado o banco ap\u00f3s um ano do ocorrido, sem que os interessados tivessem se manifestado. O banco argumentou ainda que, ao fornecer a listagem com os consumidores lesados, seriam violados os sigilos banc\u00e1rios das pessoas.<\/p>\n<p>O relator do caso, ministro Villas B\u00f4as Cueva, observou que o simples fornecimento dos dados n\u00e3o configura ato de liquida\u00e7\u00e3o ou de execu\u00e7\u00e3o de senten\u00e7a. Para o ministro, \u201ca listagem requerida pelo Minist\u00e9rio P\u00fablico n\u00e3o ter\u00e1 outro prop\u00f3sito sen\u00e3o o de garantir que, ultrapassado o prazo de um ano de que trata o artigo 100 do C\u00f3digo de Defesa do Consumidor, n\u00e3o fique materialmente impossibilitada a produ\u00e7\u00e3o de prova do dano coletivo\u201d.<\/p>\n<p>Uma vez que os dados banc\u00e1rios costumam ser apagados periodicamente, o fornecimento antecipado das informa\u00e7\u00f5es apenas evita que futuras a\u00e7\u00f5es sejam prejudicadas pelo fato de os dados j\u00e1 terem sido apagados.<\/p>\n<p>A 3\u00aa Turma considerou que, para efeito de simples identifica\u00e7\u00e3o dos consumidores, n\u00e3o se aplica a exig\u00eancia do prazo de um ano sem manifesta\u00e7\u00e3o dos indiv\u00edduos interessados.<\/p>\n<p><strong>Sigilo banc\u00e1rio<\/strong><br \/>O ministro determinou que, para manter o sigilo banc\u00e1rio a rela\u00e7\u00e3o de lesados, deve ser \u201cservir eminentemente aos fins institucionais do Parquet, ressalvada eventual quebra de sigilo nas hip\u00f3teses legalmente admitidas\u201d. O voto foi seguido por unanimidade.<\/p>\n<p>\u00a0<\/p>\n<p>Fonte: Contraf-CUT<\/p>\n","protected":false},"excerpt":{"rendered":"<p>O Banco Safra ter\u00e1 que apresentar a rela\u00e7\u00e3o de consumidores lesados por cobran\u00e7a indevida executada pelo banco. O Minist\u00e9rio P\u00fablico do Estado do Rio de Janeiro havia entrado com a\u00e7\u00e3o civil p\u00fablica com a finalidade de ver reconhecida a ilegalidade da cobran\u00e7a de tarifa pela liquida\u00e7\u00e3o antecipada de m\u00fatuo ou financiamento. O Safra recorreu, alegando [&hellip;]<\/p>\n","protected":false},"author":2,"featured_media":2756,"comment_status":"","ping_status":"","sticky":false,"template":"","format":"standard","meta":{"footnotes":""},"categories":[3],"tags":[],"class_list":["post-2757","post","type-post","status-publish","format-standard","has-post-thumbnail","hentry","category-noticias"],"_links":{"self":[{"href":"https:\/\/hostnetart.com.br\/baixada\/wp-json\/wp\/v2\/posts\/2757","targetHints":{"allow":["GET"]}}],"collection":[{"href":"https:\/\/hostnetart.com.br\/baixada\/wp-json\/wp\/v2\/posts"}],"about":[{"href":"https:\/\/hostnetart.com.br\/baixada\/wp-json\/wp\/v2\/types\/post"}],"author":[{"embeddable":true,"href":"https:\/\/hostnetart.com.br\/baixada\/wp-json\/wp\/v2\/users\/2"}],"replies":[{"embeddable":true,"href":"https:\/\/hostnetart.com.br\/baixada\/wp-json\/wp\/v2\/comments?post=2757"}],"version-history":[{"count":0,"href":"https:\/\/hostnetart.com.br\/baixada\/wp-json\/wp\/v2\/posts\/2757\/revisions"}],"wp:featuredmedia":[{"embeddable":true,"href":"https:\/\/hostnetart.com.br\/baixada\/wp-json\/wp\/v2\/media\/2756"}],"wp:attachment":[{"href":"https:\/\/hostnetart.com.br\/baixada\/wp-json\/wp\/v2\/media?parent=2757"}],"wp:term":[{"taxonomy":"category","embeddable":true,"href":"https:\/\/hostnetart.com.br\/baixada\/wp-json\/wp\/v2\/categories?post=2757"},{"taxonomy":"post_tag","embeddable":true,"href":"https:\/\/hostnetart.com.br\/baixada\/wp-json\/wp\/v2\/tags?post=2757"}],"curies":[{"name":"wp","href":"https:\/\/api.w.org\/{rel}","templated":true}]}}