{"id":2751,"date":"2017-08-02T17:43:36","date_gmt":"2017-08-02T20:43:36","guid":{"rendered":"https:\/\/hostnetart.com.br\/baixada\/cut-vox-populi-93-dos-brasileiros-querem-temer-investigado\/"},"modified":"2017-08-02T17:43:36","modified_gmt":"2017-08-02T20:43:36","slug":"cut-vox-populi-93-dos-brasileiros-querem-temer-investigado","status":"publish","type":"post","link":"https:\/\/hostnetart.com.br\/baixada\/cut-vox-populi-93-dos-brasileiros-querem-temer-investigado\/","title":{"rendered":"CUT\/Vox Populi: 93% dos brasileiros querem Temer investigado"},"content":{"rendered":"<p>Caso se confirmem as previs\u00f5es dos analistas pol\u00edticos, a C\u00e2mara dos Deputados mais uma vez tomar\u00e1 uma decis\u00e3o completamente dissociada do desejo dos eleitores. Segundo nova rodada da pesquisa CUT\/Vox Populi, 93% dos brasileiros acham que os parlamentares deveriam acatar o prosseguimento da investiga\u00e7\u00e3o contra Michel Temer.<\/p>\n<p>Os deputados decidem nesta quarta-feira 2 se autorizam ou n\u00e3o a abertura da investiga\u00e7\u00e3o contra Temer. Se aprovado no Parlamento, o assunto retorna ao Supremo Tribunal Federal. Cabe aos 11 ministros da Corte decidir se o peemedebista se torna r\u00e9u ou n\u00e3o na den\u00fancia apresentada pela Procuradoria Geral da Rep\u00fablica. Em caso positivo, Temer seria afastado do cargo por at\u00e9 180 dias. Rodrigo Maia, presidente da C\u00e2mara, assumiria interinamente a presid\u00eancia da Rep\u00fablica.<\/p>\n<p>N\u00e3o parece ser esta a inclina\u00e7\u00e3o dos congressistas, tanto que a oposi\u00e7\u00e3o cogita boicotar a sess\u00e3o desta quarta-feira 2 para evitar qu\u00f3rum suficiente no plen\u00e1rio e adiar a decis\u00e3o. Durante o recesso parlamentar, o Pal\u00e1cio do Planalto negociou a libera\u00e7\u00e3o de emendas e a distribui\u00e7\u00e3o de cargos para garantir votos suficientes contra o prosseguimento da investiga\u00e7\u00e3o. Os oposicionistas, por sua vez, tentam prorrogar a decis\u00e3o parlamentar \u00e0 espera de eventuais novas den\u00fancias capazes de enfraquecer Temer.<\/p>\n<p>A pesquisa CUT\/Vox Populi realizou 1.999 entrevistas entre 29 e 31 de julho em todos os estados e no Distrito Federal. A margem de erro \u00e9 de 2,2 pontos percentuais, para mais ou para menos.<\/p>\n<p><strong>Fonte: Carta Capital<\/strong><\/p>\n","protected":false},"excerpt":{"rendered":"<p>Caso se confirmem as previs\u00f5es dos analistas pol\u00edticos, a C\u00e2mara dos Deputados mais uma vez tomar\u00e1 uma decis\u00e3o completamente dissociada do desejo dos eleitores. Segundo nova rodada da pesquisa CUT\/Vox Populi, 93% dos brasileiros acham que os parlamentares deveriam acatar o prosseguimento da investiga\u00e7\u00e3o contra Michel Temer. Os deputados decidem nesta quarta-feira 2 se autorizam [&hellip;]<\/p>\n","protected":false},"author":2,"featured_media":2750,"comment_status":"","ping_status":"","sticky":false,"template":"","format":"standard","meta":{"footnotes":""},"categories":[3],"tags":[],"class_list":["post-2751","post","type-post","status-publish","format-standard","has-post-thumbnail","hentry","category-noticias"],"_links":{"self":[{"href":"https:\/\/hostnetart.com.br\/baixada\/wp-json\/wp\/v2\/posts\/2751","targetHints":{"allow":["GET"]}}],"collection":[{"href":"https:\/\/hostnetart.com.br\/baixada\/wp-json\/wp\/v2\/posts"}],"about":[{"href":"https:\/\/hostnetart.com.br\/baixada\/wp-json\/wp\/v2\/types\/post"}],"author":[{"embeddable":true,"href":"https:\/\/hostnetart.com.br\/baixada\/wp-json\/wp\/v2\/users\/2"}],"replies":[{"embeddable":true,"href":"https:\/\/hostnetart.com.br\/baixada\/wp-json\/wp\/v2\/comments?post=2751"}],"version-history":[{"count":0,"href":"https:\/\/hostnetart.com.br\/baixada\/wp-json\/wp\/v2\/posts\/2751\/revisions"}],"wp:featuredmedia":[{"embeddable":true,"href":"https:\/\/hostnetart.com.br\/baixada\/wp-json\/wp\/v2\/media\/2750"}],"wp:attachment":[{"href":"https:\/\/hostnetart.com.br\/baixada\/wp-json\/wp\/v2\/media?parent=2751"}],"wp:term":[{"taxonomy":"category","embeddable":true,"href":"https:\/\/hostnetart.com.br\/baixada\/wp-json\/wp\/v2\/categories?post=2751"},{"taxonomy":"post_tag","embeddable":true,"href":"https:\/\/hostnetart.com.br\/baixada\/wp-json\/wp\/v2\/tags?post=2751"}],"curies":[{"name":"wp","href":"https:\/\/api.w.org\/{rel}","templated":true}]}}