{"id":2749,"date":"2017-08-02T17:11:27","date_gmt":"2017-08-02T20:11:27","guid":{"rendered":"https:\/\/hostnetart.com.br\/baixada\/tlp-contempla-interesses-do-mercado\/"},"modified":"2017-08-02T17:11:27","modified_gmt":"2017-08-02T20:11:27","slug":"tlp-contempla-interesses-do-mercado","status":"publish","type":"post","link":"https:\/\/hostnetart.com.br\/baixada\/tlp-contempla-interesses-do-mercado\/","title":{"rendered":"TLP contempla interesses do mercado"},"content":{"rendered":"<p><span style=\"text-decoration: underline;\"><em>Sistem\u00e1tica da MP 777, que tramita no Congresso, vai encarecer o financiamento de longo prazo do banco de fomento, afetar investimentos, emprego e agricultura familiar<\/em><\/span><\/p>\n<p>A Medida Provis\u00f3ria 777, de 26 de abril de 2017, estabelece o fim da Taxa de Juros de Longo Prazo (TJLP) \u2013 que baliza os financiamentos concedidos pelo BNDES desde 1994 \u2013 e cria a Taxa de Longo Prazo (TLP). A nova TLP ser\u00e1 calculada de acordo com metodologia definida pelo Conselho Monet\u00e1rio Nacional (CMN), a partir da infla\u00e7\u00e3o medida pelo IPCA e ser\u00e1 atrelada a t\u00edtulos do Tesouro NTN-B.<\/p>\n<p>A ideia \u00e9 aproximar a TLP da taxa Selic, e portanto dos par\u00e2metros do mercado. Ela deve passar a vigorar a partir de 2018 e vai encarecer o financiamento de longo prazo para ind\u00fastrias, m\u00e1quinas, equipamentos e infraestrutura, e tamb\u00e9m para cooperativas e quem quer que utilize cr\u00e9ditos do BNDES.<\/p>\n<p>O parecer do relator da MP 777, deputado Betinho Gomes (PSDB-PE), deve ser votado at\u00e9 15 de agosto na comiss\u00e3o mista. O governo defende a TLP sob o argumento de que ela \u00e9 importante para o \u201cequil\u00edbrio fiscal\u201d.<\/p>\n<p>Como a TJLP \u00e9 de 7% ao ano e a Selic \u00e9 sempre maior (est\u00e1 hoje em 9,25%), a tradu\u00e7\u00e3o \u00e9 que o cr\u00e9dito do BNDES \u00e9 subsidiado, o que est\u00e1 em desacordo com o ide\u00e1rio de um governo que aplica os princ\u00edpios do \u201cEstado m\u00ednimo\u201d.<\/p>\n<p>A posi\u00e7\u00e3o da Associa\u00e7\u00e3o dos Funcion\u00e1rios do Banco Nacional de Desenvolvimento Econ\u00f4mico e Social (AFBNDES), que faz campanha contra a medida, \u00e9 a de que a MP coloca em risco o investimento de longo prazo no Brasil para o setor produtivo e tamb\u00e9m amea\u00e7a o BNDES enquanto banco de desenvolvimento. A medida tamb\u00e9m imp\u00f5e barreiras \u00e0 gera\u00e7\u00e3o de empregos e \u00e0 retomada do crescimento econ\u00f4mico.<\/p>\n<p>Segundo a AFBNDES, a MP 777 \u201cprovoca danos ao eliminar instrumentos de competitividade da ind\u00fastria, conceder ao \u2018mercado\u2019 poder absoluto sobre o controle do cr\u00e9dito de longo prazo no Brasil e provocar a perda de autonomia do pa\u00eds sobre decis\u00f5es relacionadas a investimentos estrat\u00e9gicos\u201d.<\/p>\n<p>Leia mat\u00e9ria completa no site da Rede Brasil Atual.<\/p>\n","protected":false},"excerpt":{"rendered":"<p>Sistem\u00e1tica da MP 777, que tramita no Congresso, vai encarecer o financiamento de longo prazo do banco de fomento, afetar investimentos, emprego e agricultura familiar A Medida Provis\u00f3ria 777, de 26 de abril de 2017, estabelece o fim da Taxa de Juros de Longo Prazo (TJLP) \u2013 que baliza os financiamentos concedidos pelo BNDES desde [&hellip;]<\/p>\n","protected":false},"author":2,"featured_media":2748,"comment_status":"","ping_status":"","sticky":false,"template":"","format":"standard","meta":{"footnotes":""},"categories":[3],"tags":[],"class_list":["post-2749","post","type-post","status-publish","format-standard","has-post-thumbnail","hentry","category-noticias"],"_links":{"self":[{"href":"https:\/\/hostnetart.com.br\/baixada\/wp-json\/wp\/v2\/posts\/2749","targetHints":{"allow":["GET"]}}],"collection":[{"href":"https:\/\/hostnetart.com.br\/baixada\/wp-json\/wp\/v2\/posts"}],"about":[{"href":"https:\/\/hostnetart.com.br\/baixada\/wp-json\/wp\/v2\/types\/post"}],"author":[{"embeddable":true,"href":"https:\/\/hostnetart.com.br\/baixada\/wp-json\/wp\/v2\/users\/2"}],"replies":[{"embeddable":true,"href":"https:\/\/hostnetart.com.br\/baixada\/wp-json\/wp\/v2\/comments?post=2749"}],"version-history":[{"count":0,"href":"https:\/\/hostnetart.com.br\/baixada\/wp-json\/wp\/v2\/posts\/2749\/revisions"}],"wp:featuredmedia":[{"embeddable":true,"href":"https:\/\/hostnetart.com.br\/baixada\/wp-json\/wp\/v2\/media\/2748"}],"wp:attachment":[{"href":"https:\/\/hostnetart.com.br\/baixada\/wp-json\/wp\/v2\/media?parent=2749"}],"wp:term":[{"taxonomy":"category","embeddable":true,"href":"https:\/\/hostnetart.com.br\/baixada\/wp-json\/wp\/v2\/categories?post=2749"},{"taxonomy":"post_tag","embeddable":true,"href":"https:\/\/hostnetart.com.br\/baixada\/wp-json\/wp\/v2\/tags?post=2749"}],"curies":[{"name":"wp","href":"https:\/\/api.w.org\/{rel}","templated":true}]}}