{"id":2739,"date":"2017-08-01T13:46:10","date_gmt":"2017-08-01T16:46:10","guid":{"rendered":"https:\/\/hostnetart.com.br\/baixada\/movimentos-vao-as-ruas-pedir-fora-temer-e-eleicoes-diretas\/"},"modified":"2017-08-01T13:46:10","modified_gmt":"2017-08-01T16:46:10","slug":"movimentos-vao-as-ruas-pedir-fora-temer-e-eleicoes-diretas","status":"publish","type":"post","link":"https:\/\/hostnetart.com.br\/baixada\/movimentos-vao-as-ruas-pedir-fora-temer-e-eleicoes-diretas\/","title":{"rendered":"Movimentos v\u00e3o \u00e0s ruas pedir Fora Temer e elei\u00e7\u00f5es diretas"},"content":{"rendered":"<p>A Frente Brasil Popular, articula\u00e7\u00e3o que re\u00fane os principais movimentos sociais do pa\u00eds, realizar\u00e1 atos nas capitais nesta quarta-feira (2), dia da vota\u00e7\u00e3o da den\u00fancia contra Michel Temer na C\u00e2mara dos Deputados.<\/p>\n<p>A den\u00fancia contra Temer foi feita ap\u00f3s o presidente ileg\u00edtimo ser gravado pelo dono da JBS. Joesley se encontrou com Temer para negociar casos de corrup\u00e7\u00e3o, em pleno Pal\u00e1cio do Jaburu. O assessor dele, deputado Rocha Loures, foi gravado carregando uma mala com 500 mil d\u00f3lares que, segundo o dono do frigor\u00edfico, era destinado a Temer.<\/p>\n<p>Em pesquisa divulgada hoje pelo Ibope\/CNI, somente 5% da popula\u00e7\u00e3o brasileira aprovam a gest\u00e3o de Temer. A m\u00e1 avalia\u00e7\u00e3o \u00e9 a pior desde a redemocratiza\u00e7\u00e3o e a pesquisa foi feita antes do an\u00fancio do aumento dos combust\u00edveis.<\/p>\n<p>Cada estado definir\u00e1 o formato do ato ou atividade, mas a secretaria da Frente divulgou uma circular para que as organiza\u00e7\u00f5es se empenhem para colocar tel\u00f5es para acompanhamento da vota\u00e7\u00e3o. Al\u00e9m disso, a Frente orientou que as entidades fa\u00e7am press\u00e3o at\u00e9 o \u00faltimo momento para mudar o posicionamento dos deputados favor\u00e1veis ao presidente ileg\u00edtimo.<\/p>\n<p>No Rio de Janeiro, ser\u00e1 feita uma vig\u00edlia no centro da cidade. Em Bras\u00edlia, a manifesta\u00e7\u00e3o ser\u00e1 em frente ao Congresso Nacional. A concentra\u00e7\u00e3o est\u00e1 sendo marcada para \u00e0s 17 horas.<\/p>\n<p><strong>Agosto de lutas pela revoga\u00e7\u00e3o da Reforma Trabalhista e contra o fim da aposentadoria<\/strong><br \/>Durante a reuni\u00e3o do coletivo nacional, os movimentos ressaltaram os impactos da reforma trabalhista para os trabalhadores e trabalhadoras brasileiras e encaminharam a realiza\u00e7\u00e3o de uma campanha para revogar a lei rec\u00e9m aprovada que desmonta a Consolida\u00e7\u00e3o das Leis Trabalhistas (CLT).<\/p>\n<p>Outro ponto de pauta foi a retomada da campanha em defesa da aposentadoria. Para as lideran\u00e7as que comp\u00f5em a Frente, \u00e9 fundamental que as atividades para conscientizar a sociedade sobre o impacto da reforma da previd\u00eancia sejam retomadas.<\/p>\n<p>Com essa finalidade ser\u00e1 realizada uma jornada de lutas no m\u00eas de Agosto. As manifesta\u00e7\u00f5es e atos ser\u00e3o constru\u00eddas em di\u00e1logo com a Jornada das Juventudes Brasileiras, convocada por jovens de diferentes organiza\u00e7\u00f5es e a Uni\u00e3o Nacional dos Estudantes e a Uni\u00e3o Brasileira dos Estudantes Secundaristas.<\/p>\n<p><em>Fonte: Frente Brasil Popular<\/em><\/p>\n","protected":false},"excerpt":{"rendered":"<p>A Frente Brasil Popular, articula\u00e7\u00e3o que re\u00fane os principais movimentos sociais do pa\u00eds, realizar\u00e1 atos nas capitais nesta quarta-feira (2), dia da vota\u00e7\u00e3o da den\u00fancia contra Michel Temer na C\u00e2mara dos Deputados. A den\u00fancia contra Temer foi feita ap\u00f3s o presidente ileg\u00edtimo ser gravado pelo dono da JBS. Joesley se encontrou com Temer para negociar [&hellip;]<\/p>\n","protected":false},"author":2,"featured_media":2738,"comment_status":"","ping_status":"","sticky":false,"template":"","format":"standard","meta":{"footnotes":""},"categories":[3],"tags":[],"class_list":["post-2739","post","type-post","status-publish","format-standard","has-post-thumbnail","hentry","category-noticias"],"_links":{"self":[{"href":"https:\/\/hostnetart.com.br\/baixada\/wp-json\/wp\/v2\/posts\/2739","targetHints":{"allow":["GET"]}}],"collection":[{"href":"https:\/\/hostnetart.com.br\/baixada\/wp-json\/wp\/v2\/posts"}],"about":[{"href":"https:\/\/hostnetart.com.br\/baixada\/wp-json\/wp\/v2\/types\/post"}],"author":[{"embeddable":true,"href":"https:\/\/hostnetart.com.br\/baixada\/wp-json\/wp\/v2\/users\/2"}],"replies":[{"embeddable":true,"href":"https:\/\/hostnetart.com.br\/baixada\/wp-json\/wp\/v2\/comments?post=2739"}],"version-history":[{"count":0,"href":"https:\/\/hostnetart.com.br\/baixada\/wp-json\/wp\/v2\/posts\/2739\/revisions"}],"wp:featuredmedia":[{"embeddable":true,"href":"https:\/\/hostnetart.com.br\/baixada\/wp-json\/wp\/v2\/media\/2738"}],"wp:attachment":[{"href":"https:\/\/hostnetart.com.br\/baixada\/wp-json\/wp\/v2\/media?parent=2739"}],"wp:term":[{"taxonomy":"category","embeddable":true,"href":"https:\/\/hostnetart.com.br\/baixada\/wp-json\/wp\/v2\/categories?post=2739"},{"taxonomy":"post_tag","embeddable":true,"href":"https:\/\/hostnetart.com.br\/baixada\/wp-json\/wp\/v2\/tags?post=2739"}],"curies":[{"name":"wp","href":"https:\/\/api.w.org\/{rel}","templated":true}]}}