{"id":2737,"date":"2017-08-01T13:44:18","date_gmt":"2017-08-01T16:44:18","guid":{"rendered":"https:\/\/hostnetart.com.br\/baixada\/contraf-cut-cobra-caixa-sobre-desmonte-do-banco\/"},"modified":"2017-08-01T13:44:18","modified_gmt":"2017-08-01T16:44:18","slug":"contraf-cut-cobra-caixa-sobre-desmonte-do-banco","status":"publish","type":"post","link":"https:\/\/hostnetart.com.br\/baixada\/contraf-cut-cobra-caixa-sobre-desmonte-do-banco\/","title":{"rendered":"Contraf-CUT cobra Caixa sobre desmonte do banco"},"content":{"rendered":"<p>A Contraf-CUT vai cobrar da Caixa um posicionamento contr\u00e1rio ao desmonte do banco desde o golpe que colocou Michel Temer na Presid\u00eancia da Rep\u00fablica. Diante desse quadro, a Comiss\u00e3o Executiva dos Empregados (CEE\/ Caixa) reivindicou, durante todo o m\u00eas de julho, uma reuni\u00e3o da mesa permanente com o banco, para debater temas que s\u00e3o urgentes para os trabalhadores. O encontro foi marcado para 15 de agosto. Com isso, a CEE\/Caixa se reuniu, na \u00faltima quinta-feira (27), na sede da Contraf-CUT, em S\u00e3o Paulo, para se preparar para a reuni\u00e3o com a dire\u00e7\u00e3o do banco.<\/p>\n<p>\u201cEssa reuni\u00e3o foi agendada somente para o dia 15 e vamos insistir que a dire\u00e7\u00e3o da Caixa reverta a retalia\u00e7\u00e3o contra os trabalhadores que exerceram seu leg\u00edtimo direito de greve nos dias 28 de abril e 30 de junho, al\u00e9m da paralisa\u00e7\u00e3o de 15 de mar\u00e7o. Al\u00e9m de cobrar a propagada disposi\u00e7\u00e3o de negocia\u00e7\u00e3o do banco, queremos saber do compromisso assumido pelo presidente da institui\u00e7\u00e3o, Gilberto Occhi, com os trabalhadores, ao afirmar que iria reverter essa retalia\u00e7\u00e3o absurda\u201d, afirmou Dion\u00edsio Reis, coordenador da Comiss\u00e3o. \u201cOs banc\u00e1rios est\u00e3o mobilizados diante desse caos instalado por Temer, em defesa dos seus empregos, direitos e do banco p\u00fablico. N\u00e3o aceitamos ser penalizados por nos mobilizar.\u201d<\/p>\n<p>Tamb\u00e9m ser\u00e1 debatido o fim imediato da reestrutura\u00e7\u00e3o, respeito \u00e0s pessoas e \u00e0s carreiras. \u201cVamos cobrar o compromisso que o banco tem consignado de negociar qualquer tipo de remodelagem ou mudan\u00e7a na estrutura em mesa de negocia\u00e7\u00e3o\u201d, explicou o coordenador da CCE\/ Caixa.<\/p>\n<p>Na reuni\u00e3o, os integrantes da CEE v\u00e3o reafirmar \u00e0 dire\u00e7\u00e3o da Caixa, sua contrariedade \u00e0 verticaliza\u00e7\u00e3o e cobrar solu\u00e7\u00f5es para as quest\u00f5es de mudan\u00e7a de fun\u00e7\u00e3o (ajuda de custo aos gerentes ou supervisores de canais), piloto dos tesoureiros, prazos das perdas de fun\u00e7\u00e3o das unidades, n\u00famero de clientes por gestor etc.<\/p>\n<p>Al\u00e9m disso, v\u00e3o se manifestar contra o fechamento de ag\u00eancias; contra o GDP por meio do qual a Caixa passou a aplicar metas individuais contratadas para todos comissionados; contra a terceiriza\u00e7\u00e3o do atendimento do Sa\u00fade Caixa e cobrar a instala\u00e7\u00e3o do F\u00f3rum Nacional de Condi\u00e7\u00f5es de Trabalho com dissemina\u00e7\u00e3o dos f\u00f3runs regionais.<\/p>\n<p>\u201cDiante do plano de demiss\u00f5es (PDVE), queremos a reposi\u00e7\u00e3o imediata dos trabalhadores que sa\u00edram, na luta por mais empregados para Caixa e mais Caixa para o Brasil!\u201d, refor\u00e7ou o coordenador da CEE.<\/p>\n<p><strong>Fonte: Contraf-CUT<\/strong><\/p>\n","protected":false},"excerpt":{"rendered":"<p>A Contraf-CUT vai cobrar da Caixa um posicionamento contr\u00e1rio ao desmonte do banco desde o golpe que colocou Michel Temer na Presid\u00eancia da Rep\u00fablica. Diante desse quadro, a Comiss\u00e3o Executiva dos Empregados (CEE\/ Caixa) reivindicou, durante todo o m\u00eas de julho, uma reuni\u00e3o da mesa permanente com o banco, para debater temas que s\u00e3o urgentes [&hellip;]<\/p>\n","protected":false},"author":2,"featured_media":2736,"comment_status":"","ping_status":"","sticky":false,"template":"","format":"standard","meta":{"footnotes":""},"categories":[3],"tags":[],"class_list":["post-2737","post","type-post","status-publish","format-standard","has-post-thumbnail","hentry","category-noticias"],"_links":{"self":[{"href":"https:\/\/hostnetart.com.br\/baixada\/wp-json\/wp\/v2\/posts\/2737","targetHints":{"allow":["GET"]}}],"collection":[{"href":"https:\/\/hostnetart.com.br\/baixada\/wp-json\/wp\/v2\/posts"}],"about":[{"href":"https:\/\/hostnetart.com.br\/baixada\/wp-json\/wp\/v2\/types\/post"}],"author":[{"embeddable":true,"href":"https:\/\/hostnetart.com.br\/baixada\/wp-json\/wp\/v2\/users\/2"}],"replies":[{"embeddable":true,"href":"https:\/\/hostnetart.com.br\/baixada\/wp-json\/wp\/v2\/comments?post=2737"}],"version-history":[{"count":0,"href":"https:\/\/hostnetart.com.br\/baixada\/wp-json\/wp\/v2\/posts\/2737\/revisions"}],"wp:featuredmedia":[{"embeddable":true,"href":"https:\/\/hostnetart.com.br\/baixada\/wp-json\/wp\/v2\/media\/2736"}],"wp:attachment":[{"href":"https:\/\/hostnetart.com.br\/baixada\/wp-json\/wp\/v2\/media?parent=2737"}],"wp:term":[{"taxonomy":"category","embeddable":true,"href":"https:\/\/hostnetart.com.br\/baixada\/wp-json\/wp\/v2\/categories?post=2737"},{"taxonomy":"post_tag","embeddable":true,"href":"https:\/\/hostnetart.com.br\/baixada\/wp-json\/wp\/v2\/tags?post=2737"}],"curies":[{"name":"wp","href":"https:\/\/api.w.org\/{rel}","templated":true}]}}