{"id":2729,"date":"2017-08-01T13:35:37","date_gmt":"2017-08-01T16:35:37","guid":{"rendered":"https:\/\/hostnetart.com.br\/baixada\/bancarios-vao-se-unir-a-outras-categorias-para-fortalecer-luta-pelo-emprego\/"},"modified":"2017-08-01T13:35:37","modified_gmt":"2017-08-01T16:35:37","slug":"bancarios-vao-se-unir-a-outras-categorias-para-fortalecer-luta-pelo-emprego","status":"publish","type":"post","link":"https:\/\/hostnetart.com.br\/baixada\/bancarios-vao-se-unir-a-outras-categorias-para-fortalecer-luta-pelo-emprego\/","title":{"rendered":"Banc\u00e1rios v\u00e3o se unir a outras categorias para fortalecer luta pelo emprego"},"content":{"rendered":"<p><em>Com reajuste definido por campanha de dois anos fechada em 2016, trabalhadores far\u00e3o mobiliza\u00e7\u00e3o nacional contra terceiriza\u00e7\u00e3o, contratos prec\u00e1rios de trabalho e retirada de direitos<\/em><\/p>\n<p><strong>por Reda\u00e7\u00e3o RBA<\/strong><\/p>\n<p>\u00a0<\/p>\n<p>Reunidos durante tr\u00eas dias na 19\u00aa Confer\u00eancia Nacional, os cerca de 700 delegados que representaram banc\u00e1rios de todo o pa\u00eds definiram hoje (30) um plano de lutas em defesa dos empregos, dos bancos p\u00fablicos e de resist\u00eancia \u00e0 retirada de direitos imposta pelas contrarreformas trabalhistas e da Previd\u00eancia em curso no governo de Michel Temer (PMDB). No in\u00edcio de agosto, representantes da categoria entregar\u00e3o \u00e0 Federa\u00e7\u00e3o Nacional dos Bancos (Fenaban) um documento pol\u00edtico reivindicando termo de compromisso contra a retirada de direitos. Em 2016, ap\u00f3s 31 dias de greve, a campanha nacional unificada garantiu aos banc\u00e1rios um acordo com validade de dois anos para todos os trabalhadores de bancos p\u00fablicos e privados do pa\u00eds.<\/p>\n<p>&#8220;Como fechamos um acordo de dois anos, nossa estrat\u00e9gia este ano \u00e9 unir for\u00e7as com outras categorias contra o desmonte trabalhista. Consolidado o golpe no ano passado, os trabalhadores est\u00e3o mobilizados contra o retrocesso imposto pela reforma trabalhista. Estamos unidos tamb\u00e9m em defesa dos bancos p\u00fablicos, contra a terceiriza\u00e7\u00e3o e precariza\u00e7\u00e3o do trabalho, conforme aprovado em nosso plano de lutas &#8220;, disse a presidenta do Sindicato dos Banc\u00e1rios de S\u00e3o Paulo, Osasco e Regi\u00e3o, Ivone Silva.<\/p>\n<p>O plano de lutas inclui aprofundar o debate sobre os impactos da reforma trabalhista, a resist\u00eancia e a defesa do emprego e combate \u00e0 terceiriza\u00e7\u00e3o sem limites e precariza\u00e7\u00e3o do trabalho, al\u00e9m da luta pelo restabelecimento do Estado democr\u00e1tico de direito, o fortalecimento dos bancos e empresas p\u00fablicas, e da democracia.<\/p>\n<p>O presidente da Contraf-CUT e um dos coordenadores do Comando Nacional dos Banc\u00e1rios, Roberto von der Osten, destacou recha\u00e7ar quaisquer altera\u00e7\u00f5es nos contratos de trabalho. &#8220;Queremos respeito a todas as cl\u00e1usulas da nossa Conven\u00e7\u00e3o Coletiva de Trabalho (CCT). N\u00e3o aceitaremos, por exemplo, a preval\u00eancia do negociado sobre o legislado, que tem o objetivo de retirar direitos. E queremos garantias de respeito aos empregos e direitos da categoria&#8221;, afirmou.<\/p>\n<p>Lucro dos bancos<\/p>\n<p>Nos tr\u00eas primeiros meses do ano, o lucro l\u00edquido dos cinco maiores bancos atuantes no Brasil (Banco do Brasil, Caixa Econ\u00f4mica Federal, Bradesco, Ita\u00fa-Unibanco e Santander) atingiu a marca de R$ 17,3 bilh\u00f5es. Um crescimento de 30% em rela\u00e7\u00e3o a igual per\u00edodo do ano passado.<\/p>\n<p>No primeiro semestre, os bancos fecharam quase 11 mil postos de trabalho. O setor financeiro passa por forte reestrutura\u00e7\u00e3o tecnol\u00f3gica com impacto profundo no emprego banc\u00e1rio. A digitaliza\u00e7\u00e3o das transa\u00e7\u00f5es banc\u00e1rias e de diversas etapas do trabalho avan\u00e7a a cada ano. Atualmente, 57% das transa\u00e7\u00f5es financeiras s\u00e3o realizadas na internet ou no celular.<\/p>\n<p>&#8220;O avan\u00e7o tecnol\u00f3gico \u00e9 positivo, mas os ganhos precisam ser compartilhados com toda a sociedade. A tecnologia precisa de fato melhorar a vida das pessoas. Todos precisam ganhar com esse processo e n\u00e3o apenas os banqueiros, como vem acontecendo, j\u00e1 que est\u00e3o demitindo banc\u00e1rios e elevando as tarifas dos clientes. Da forma como a tecnologia vem sendo implementada nos bancos ela acabar\u00e1 gerando maior desigualdade social&#8221;, disse Ivone Silva.<\/p>\n<p>Os banc\u00e1rios s\u00e3o uma das poucas categorias no pa\u00eds com conven\u00e7\u00e3o coletiva de trabalho (CCT) v\u00e1lida nacionalmente. S\u00e3o cerca de 504 mil trabalhadores, dos quais 142 mil na base do sindicato de S\u00e3o Paulo.<\/p>\n","protected":false},"excerpt":{"rendered":"<p>Com reajuste definido por campanha de dois anos fechada em 2016, trabalhadores far\u00e3o mobiliza\u00e7\u00e3o nacional contra terceiriza\u00e7\u00e3o, contratos prec\u00e1rios de trabalho e retirada de direitos por Reda\u00e7\u00e3o RBA \u00a0 Reunidos durante tr\u00eas dias na 19\u00aa Confer\u00eancia Nacional, os cerca de 700 delegados que representaram banc\u00e1rios de todo o pa\u00eds definiram hoje (30) um plano de [&hellip;]<\/p>\n","protected":false},"author":2,"featured_media":2728,"comment_status":"","ping_status":"","sticky":false,"template":"","format":"standard","meta":{"footnotes":""},"categories":[3],"tags":[],"class_list":["post-2729","post","type-post","status-publish","format-standard","has-post-thumbnail","hentry","category-noticias"],"_links":{"self":[{"href":"https:\/\/hostnetart.com.br\/baixada\/wp-json\/wp\/v2\/posts\/2729","targetHints":{"allow":["GET"]}}],"collection":[{"href":"https:\/\/hostnetart.com.br\/baixada\/wp-json\/wp\/v2\/posts"}],"about":[{"href":"https:\/\/hostnetart.com.br\/baixada\/wp-json\/wp\/v2\/types\/post"}],"author":[{"embeddable":true,"href":"https:\/\/hostnetart.com.br\/baixada\/wp-json\/wp\/v2\/users\/2"}],"replies":[{"embeddable":true,"href":"https:\/\/hostnetart.com.br\/baixada\/wp-json\/wp\/v2\/comments?post=2729"}],"version-history":[{"count":0,"href":"https:\/\/hostnetart.com.br\/baixada\/wp-json\/wp\/v2\/posts\/2729\/revisions"}],"wp:featuredmedia":[{"embeddable":true,"href":"https:\/\/hostnetart.com.br\/baixada\/wp-json\/wp\/v2\/media\/2728"}],"wp:attachment":[{"href":"https:\/\/hostnetart.com.br\/baixada\/wp-json\/wp\/v2\/media?parent=2729"}],"wp:term":[{"taxonomy":"category","embeddable":true,"href":"https:\/\/hostnetart.com.br\/baixada\/wp-json\/wp\/v2\/categories?post=2729"},{"taxonomy":"post_tag","embeddable":true,"href":"https:\/\/hostnetart.com.br\/baixada\/wp-json\/wp\/v2\/tags?post=2729"}],"curies":[{"name":"wp","href":"https:\/\/api.w.org\/{rel}","templated":true}]}}