{"id":2725,"date":"2017-07-31T16:08:06","date_gmt":"2017-07-31T19:08:06","guid":{"rendered":"https:\/\/hostnetart.com.br\/baixada\/sindicato-dos-bancarios-da-baixada-fluminense-presente-na-19-conferencia-nacional-dos-bancarios\/"},"modified":"2017-07-31T16:08:06","modified_gmt":"2017-07-31T19:08:06","slug":"sindicato-dos-bancarios-da-baixada-fluminense-presente-na-19-conferencia-nacional-dos-bancarios","status":"publish","type":"post","link":"https:\/\/hostnetart.com.br\/baixada\/sindicato-dos-bancarios-da-baixada-fluminense-presente-na-19-conferencia-nacional-dos-bancarios\/","title":{"rendered":"Sindicato dos Banc\u00e1rios da Baixada Fluminense presente na 19\u00aa Confer\u00eancia Nacional dos Banc\u00e1rios"},"content":{"rendered":"<p>A 19\u00aa Confer\u00eancia Nacional dos Banc\u00e1rios, realizada em S\u00e3o Paulo e que se encerrou neste \u00faltimo domingo, foi diferente de todas as anteriores.<br \/>Em todas as edi\u00e7\u00f5es, a confer\u00eancia nacional centralizou as a\u00e7\u00f5es no sentido de agregar valores \u00e0 conven\u00e7\u00e3o coletiva do trabalho, com o objetivo de buscar cada vez mais a qualidade de vida dos trabalhadores banc\u00e1rios.<br \/>Todos os benef\u00edcios que fazem a categoria banc\u00e1ria diferenciada das demais foram extra\u00eddos dessas confer\u00eancias.<br \/>Em 2016, o comando nacional de negocia\u00e7\u00e3o dos banc\u00e1rios firmou uma acordo de dois anos, com vig\u00eancia at\u00e9 31 de agosto de 2018, com manuten\u00e7\u00e3o de todas as conquistas e aumento real de sal\u00e1rio.<br \/>Desse modo a 19\u00aa Confer\u00eancia Nacional se concentrou na luta contra o retrocesso trabalhista e previdenci\u00e1rio que est\u00e1 em curso e em defesa dos bancos p\u00fablicos com o lema: Lutar, defender e garantir NENHUM DIREITO A MENOS.<br \/>A programa\u00e7\u00e3o da confer\u00eancia teve palestras bastante ricas de conte\u00fado e teve no seu in\u00edcio uma apresenta\u00e7\u00e3o da an\u00e1lise de conjuntura nacional e internacional, com a apresenta\u00e7\u00e3o do presidente nacional da CUT Vagner Freitas.<br \/>Num segundo momento o foco foi a defesa do emprego frente \u00e0s novas tecnologias, com a apresenta\u00e7\u00e3o da t\u00e9cnica do Dieese Vivian Rodrigues e o representante da Associa\u00e7\u00e3o 28 de agosto, Mois\u00e9s Marques.<br \/>A seguir, foi abordada a reforma trabalhista e os seus efeitos na rela\u00e7\u00e3o de trabalho, com a palestra do Senador Roberto Requi\u00e3o, \u00e1rduo cr\u00edtico da reforma trabalhista.<br \/>Segundo o Senador, a medida \u00e9 uma ideia de \u201csenhores da Idade M\u00e9dia que tentam impor uma legisla\u00e7\u00e3o da Idade M\u00e9dia aos trabalhadores\u201d.<br \/>Reforma Previdenci\u00e1ria foi o tema da apresenta\u00e7\u00e3o da professora Denise Gentil (UFRJ).<br \/>A economista foi categ\u00f3rica ao afirmar que a reforma da previd\u00eancia apresentada pelo governo visa apenas atender ao sistema financeiro privado.<br \/>&#8220;Ao n\u00e3o cobrar sonegadores e conceder ren\u00fancias fiscais, a Uni\u00e3o alimenta o problema que diz combater&#8221;, disse a economista. A economista ainda concluiu: &#8220;O governo abriu guerra contra a classe trabalhadora&#8221;.<br \/>No domingo, dia 30, a plen\u00e1ria da 19\u00aa confer\u00eancia nacional dos banc\u00e1rios aprovou resolu\u00e7\u00f5es importantes na luta pela preserva\u00e7\u00e3o do emprego e contra as reformas e as suas aplica\u00e7\u00f5es na categoria banc\u00e1ria.<br \/>O Sindicato dos Banc\u00e1rios da Baixada Fluminense foi representado pelos diretores Roberto Domingos, Cl\u00e1udio, R\u00fabio, Elizabeth e Marcelo.<br \/>\u00a0<\/p>\n","protected":false},"excerpt":{"rendered":"<p>A 19\u00aa Confer\u00eancia Nacional dos Banc\u00e1rios, realizada em S\u00e3o Paulo e que se encerrou neste \u00faltimo domingo, foi diferente de todas as anteriores.Em todas as edi\u00e7\u00f5es, a confer\u00eancia nacional centralizou as a\u00e7\u00f5es no sentido de agregar valores \u00e0 conven\u00e7\u00e3o coletiva do trabalho, com o objetivo de buscar cada vez mais a qualidade de vida dos [&hellip;]<\/p>\n","protected":false},"author":2,"featured_media":2724,"comment_status":"","ping_status":"","sticky":false,"template":"","format":"standard","meta":{"footnotes":""},"categories":[3],"tags":[],"class_list":["post-2725","post","type-post","status-publish","format-standard","has-post-thumbnail","hentry","category-noticias"],"_links":{"self":[{"href":"https:\/\/hostnetart.com.br\/baixada\/wp-json\/wp\/v2\/posts\/2725","targetHints":{"allow":["GET"]}}],"collection":[{"href":"https:\/\/hostnetart.com.br\/baixada\/wp-json\/wp\/v2\/posts"}],"about":[{"href":"https:\/\/hostnetart.com.br\/baixada\/wp-json\/wp\/v2\/types\/post"}],"author":[{"embeddable":true,"href":"https:\/\/hostnetart.com.br\/baixada\/wp-json\/wp\/v2\/users\/2"}],"replies":[{"embeddable":true,"href":"https:\/\/hostnetart.com.br\/baixada\/wp-json\/wp\/v2\/comments?post=2725"}],"version-history":[{"count":0,"href":"https:\/\/hostnetart.com.br\/baixada\/wp-json\/wp\/v2\/posts\/2725\/revisions"}],"wp:featuredmedia":[{"embeddable":true,"href":"https:\/\/hostnetart.com.br\/baixada\/wp-json\/wp\/v2\/media\/2724"}],"wp:attachment":[{"href":"https:\/\/hostnetart.com.br\/baixada\/wp-json\/wp\/v2\/media?parent=2725"}],"wp:term":[{"taxonomy":"category","embeddable":true,"href":"https:\/\/hostnetart.com.br\/baixada\/wp-json\/wp\/v2\/categories?post=2725"},{"taxonomy":"post_tag","embeddable":true,"href":"https:\/\/hostnetart.com.br\/baixada\/wp-json\/wp\/v2\/tags?post=2725"}],"curies":[{"name":"wp","href":"https:\/\/api.w.org\/{rel}","templated":true}]}}