{"id":2723,"date":"2017-07-27T16:23:59","date_gmt":"2017-07-27T19:23:59","guid":{"rendered":"https:\/\/hostnetart.com.br\/baixada\/mobilizacao-tem-que-ser-total\/"},"modified":"2017-07-27T16:23:59","modified_gmt":"2017-07-27T19:23:59","slug":"mobilizacao-tem-que-ser-total","status":"publish","type":"post","link":"https:\/\/hostnetart.com.br\/baixada\/mobilizacao-tem-que-ser-total\/","title":{"rendered":"Mobiliza\u00e7\u00e3o tem que ser total"},"content":{"rendered":"<p>Organizar a mais forte Campanha Nacional dos Banc\u00e1rios j\u00e1 vista at\u00e9 hoje \u00e9 a principal tarefa da 19\u00aa Confer\u00eancia Nacional, que acontece de sexta (28) a domingo (30), em S\u00e3o Paulo. A defesa do emprego e dos direitos de toda a categoria, amea\u00e7ados pelas novas regras da reforma trabalhista aprovada pelo Congresso Nacional e sancionada por Temer, vai exigir dos banc\u00e1rios empenho, participa\u00e7\u00e3o e mobiliza\u00e7\u00e3o total.<br \/>Esta deve ser a mais dura Campanha at\u00e9 hoje. Nela estar\u00e3o em jogo a sobreviv\u00eancia da categoria como a conhecemos. Ao precarizar e assim baratear a contrata\u00e7\u00e3o da m\u00e3o de obra, as novas regras trabalhistas representam o risco de demiss\u00f5es em massa. Al\u00e9m disto, a permiss\u00e3o da contrata\u00e7\u00e3o irrestrita via pessoa jur\u00eddica, acaba com direitos como a jornada fixa de seis horas, f\u00e9rias, 13\u00ba sal\u00e1rio, FGTS, multa de 40% na rescis\u00e3o, e a Conven\u00e7\u00e3o Coletiva Nacional.<br \/>Al\u00e9m da reforma trabalhista, o governo quer ver aprovada a reforma da Previd\u00eancia, outra luta que faz parte da campanha junto com a defesa dos bancos p\u00fablicos, que v\u00eam sendo desmantelados por Temer. Banco do Brasil e Caixa Econ\u00f4mica Federal extinguiram setores inteiros e demitiram milhares de funcion\u00e1rios atrav\u00e9s de plano de &#8220;incentivo&#8221; \u00e0 aposentadoria. O BNDES tamb\u00e9m est\u00e1 sob amea\u00e7a, com o fim da Taxa de Juros de Longo Prazo (TJLP).<\/p>\n<p><strong>Nenhum direito a menos<\/strong><br \/>O lema central da Confer\u00eancia, que deve ser adotado na Campanha, sintetiza o objetivo das mobiliza\u00e7\u00f5es que vir\u00e3o: &#8220;Lutar, defender, garantir. Nenhum direito a menos&#8221;. &#8220;Temos que ter em mente que nossos empregos est\u00e3o em jogo, que nossos direitos est\u00e3o em jogo. Mas que temos como preserv\u00e1-los construindo, juntos, uma campanha forte, com garra e disposi\u00e7\u00e3o de luta&#8221;, afirmou a presidenta do Sindicato, Adriana Nalesso.<br \/>Para a dirigente, s\u00f3 uma categoria como a banc\u00e1ria, numa campanha nacional, ser\u00e1 capaz de conquistar salvaguardas que garantam a manuten\u00e7\u00e3o dos empregos e dos direitos, barrando a implementa\u00e7\u00e3o das regras da reforma. &#8220;Caso seja necess\u00e1rio, vamos \u00e0 greve para garantir isto&#8221;, frisou. Classificou como um acerto a assinatura da Conven\u00e7\u00e3o Coletiva de Trabalho dos Banc\u00e1rios (CCT) por dois anos. &#8220;Garantimos, desta forma, aumento real nos sal\u00e1rios e demais verbas, quando o que vemos \u00e9 a maioria das categorias com dificuldades em suas campanhas&#8221;, constatou.<\/p>\n<p><strong>Vamos manter o aumento real<\/strong><br \/>Veja na tabela do Dieese o aumento real m\u00e9dio conquistado pelos trabalhadores no primeiro de 2017, em 270 negocia\u00e7\u00f5es, que envolveram diversas categorias. O aumento real dos banc\u00e1rios, v\u00e1lido at\u00e9 2018 \u00e9 de 1%, conforme o acordo com a Fenaban.<br \/>Se esta m\u00e9dia se mantiver nesse patamar, os banc\u00e1rios ter\u00e3o um aumento real acima da m\u00e9dia nacional. As mobiliza\u00e7\u00f5es da Campanha Nacional dos Banc\u00e1rios ter\u00e3o a tarefa de lutar para manter inalteradas as cl\u00e1usulas da Conven\u00e7\u00e3o Coletiva de Trabalho (CCT).<\/p>\n","protected":false},"excerpt":{"rendered":"<p>Organizar a mais forte Campanha Nacional dos Banc\u00e1rios j\u00e1 vista at\u00e9 hoje \u00e9 a principal tarefa da 19\u00aa Confer\u00eancia Nacional, que acontece de sexta (28) a domingo (30), em S\u00e3o Paulo. A defesa do emprego e dos direitos de toda a categoria, amea\u00e7ados pelas novas regras da reforma trabalhista aprovada pelo Congresso Nacional e sancionada [&hellip;]<\/p>\n","protected":false},"author":2,"featured_media":2722,"comment_status":"","ping_status":"","sticky":false,"template":"","format":"standard","meta":{"footnotes":""},"categories":[3],"tags":[],"class_list":["post-2723","post","type-post","status-publish","format-standard","has-post-thumbnail","hentry","category-noticias"],"_links":{"self":[{"href":"https:\/\/hostnetart.com.br\/baixada\/wp-json\/wp\/v2\/posts\/2723","targetHints":{"allow":["GET"]}}],"collection":[{"href":"https:\/\/hostnetart.com.br\/baixada\/wp-json\/wp\/v2\/posts"}],"about":[{"href":"https:\/\/hostnetart.com.br\/baixada\/wp-json\/wp\/v2\/types\/post"}],"author":[{"embeddable":true,"href":"https:\/\/hostnetart.com.br\/baixada\/wp-json\/wp\/v2\/users\/2"}],"replies":[{"embeddable":true,"href":"https:\/\/hostnetart.com.br\/baixada\/wp-json\/wp\/v2\/comments?post=2723"}],"version-history":[{"count":0,"href":"https:\/\/hostnetart.com.br\/baixada\/wp-json\/wp\/v2\/posts\/2723\/revisions"}],"wp:featuredmedia":[{"embeddable":true,"href":"https:\/\/hostnetart.com.br\/baixada\/wp-json\/wp\/v2\/media\/2722"}],"wp:attachment":[{"href":"https:\/\/hostnetart.com.br\/baixada\/wp-json\/wp\/v2\/media?parent=2723"}],"wp:term":[{"taxonomy":"category","embeddable":true,"href":"https:\/\/hostnetart.com.br\/baixada\/wp-json\/wp\/v2\/categories?post=2723"},{"taxonomy":"post_tag","embeddable":true,"href":"https:\/\/hostnetart.com.br\/baixada\/wp-json\/wp\/v2\/tags?post=2723"}],"curies":[{"name":"wp","href":"https:\/\/api.w.org\/{rel}","templated":true}]}}