{"id":2717,"date":"2017-07-27T13:39:46","date_gmt":"2017-07-27T16:39:46","guid":{"rendered":"https:\/\/hostnetart.com.br\/baixada\/dieese-politica-economica-nao-retoma-crescimento-e-causa-mais-desemprego\/"},"modified":"2017-07-27T13:39:46","modified_gmt":"2017-07-27T16:39:46","slug":"dieese-politica-economica-nao-retoma-crescimento-e-causa-mais-desemprego","status":"publish","type":"post","link":"https:\/\/hostnetart.com.br\/baixada\/dieese-politica-economica-nao-retoma-crescimento-e-causa-mais-desemprego\/","title":{"rendered":"Dieese: pol\u00edtica econ\u00f4mica n\u00e3o retoma crescimento e causa mais desemprego"},"content":{"rendered":"<p>A pol\u00edtica econ\u00f4mica do governo Temer, juros altos e corte dr\u00e1stico no investimento p\u00fablico, est\u00e1 fazendo a economia andar para tr\u00e1s: aumenta o desemprego e impede o crescimento econ\u00f4mico. A avalia\u00e7\u00e3o \u00e9 de Fernando Amorim, o novo t\u00e9cnico da Subse\u00e7\u00e3o Banc\u00e1rios do Dieese (Departamento Intersindical de Estat\u00edsticas e Estudos Socioecon\u00f4micos), que desde o \u00faltimo dia 5 assessora o Sindicato. Economista e mestre em Pol\u00edtica Internacional pela Universidade Federal do Rio de Janeiro (UFRJ), Amorim substitui o economista Fernando Benfica, transferido para o escrit\u00f3rio central do Dieese no Rio.<br \/>O governo alega que \u00e9 preciso cortar gastos, manter os juros altos para conter a infla\u00e7\u00e3o e quem sabe at\u00e9 aumentar impostos para equilibrar as contas p\u00fablicas para gerar crescimento e mais empregos. Para o economista, no entanto, vai ser um tiro no p\u00e9. &#8220;Ao reduzir o montante de recursos p\u00fablicos destinados \u00e0 economia e manter o cr\u00e9dito caro, ao mesmo tempo que retira do Estado o papel de indutor do crescimento, o governo diminui ainda mais o consumo. Cai a produ\u00e7\u00e3o de bens e aumenta o desemprego, dificultando ainda mais a retomada do crescimento, afetando, inclusive, a receita do pr\u00f3prio governo&#8221;, explicou. Acrescentou que o governo pressup\u00f5e o aumento de impostos para &#8220;corrigir&#8221; e manter o ajuste das contas, mais um fator a impedir o crescimento e aumentar o desemprego&#8221;, frisou.<\/p>\n<p><strong>Imposto mais alto<\/strong><br \/>O aumento do imposto recai no pre\u00e7o da gasolina. Traz um efeito cascata sobre as demais tarifas e pre\u00e7os gerais. &#8220;O governo deveria ter uma pol\u00edtica antic\u00edclica com elementos de combater \u00e0 recess\u00e3o. Deveria incentivar o crescimento e gerar empregos, aumentando a receita, o que poderia ser refor\u00e7ado por uma reforma tribut\u00e1ria que cobrasse impostos mais altos dos mais ricos&#8221;, defendeu.<br \/>Fernando Amorim apontou efeitos perversos da reforma trabalhista, como a redu\u00e7\u00e3o de direitos e de sal\u00e1rios, que diminuir\u00e1 a capacidade de consumo, for\u00e7ando as empresas a reduzirem a sua produ\u00e7\u00e3o. &#8220;Hoje, mesmo com as novas regras ainda n\u00e3o estando em vigor, j\u00e1 vemos isto acontecendo nos bancos, com a demiss\u00e3o em massa, e a contrata\u00e7\u00e3o de novos com sal\u00e1rios valendo em m\u00e9dia 60% da remunera\u00e7\u00e3o de quem saiu&#8221;, exemplificou.<br \/>O desmonte e a privatiza\u00e7\u00e3o de bancos p\u00fablicos \u2013 Caixa, BB e BNDES \u2013 trar\u00e3o s\u00e9rios impactos sobre toda a economia. &#8220;Os bancos p\u00fablicos existem para fomentar a economia. Investem no desenvolvimento econ\u00f4mico e nos programas sociais. Este n\u00e3o \u00e9, portanto, um problema somente dos banc\u00e1rios, mas de toda a sociedade que ser\u00e1 atingida por este processo de esvaziamento destes bancos&#8221;, afirmou.<br \/>Para o economista, a extin\u00e7\u00e3o dos juros menores do BNDES, com a substitui\u00e7\u00e3o da Taxa de Juros de Longo Prazo (TJLP) pela Taxa de Longo Prazo (TLP), far\u00e1 com que os juros do banco estatal sejam iguais aos praticados pelos bancos privados. &#8220;Por isto mesmo, as empresas recorrer\u00e3o a empr\u00e9stimos externos, ficando dependentes da oscila\u00e7\u00e3o do c\u00e2mbio, podendo ter dificuldades no pagamento e at\u00e9 quebrar, como j\u00e1 aconteceu antes&#8221;, lembrou.<\/p>\n","protected":false},"excerpt":{"rendered":"<p>A pol\u00edtica econ\u00f4mica do governo Temer, juros altos e corte dr\u00e1stico no investimento p\u00fablico, est\u00e1 fazendo a economia andar para tr\u00e1s: aumenta o desemprego e impede o crescimento econ\u00f4mico. A avalia\u00e7\u00e3o \u00e9 de Fernando Amorim, o novo t\u00e9cnico da Subse\u00e7\u00e3o Banc\u00e1rios do Dieese (Departamento Intersindical de Estat\u00edsticas e Estudos Socioecon\u00f4micos), que desde o \u00faltimo dia [&hellip;]<\/p>\n","protected":false},"author":2,"featured_media":2716,"comment_status":"","ping_status":"","sticky":false,"template":"","format":"standard","meta":{"footnotes":""},"categories":[3],"tags":[],"class_list":["post-2717","post","type-post","status-publish","format-standard","has-post-thumbnail","hentry","category-noticias"],"_links":{"self":[{"href":"https:\/\/hostnetart.com.br\/baixada\/wp-json\/wp\/v2\/posts\/2717","targetHints":{"allow":["GET"]}}],"collection":[{"href":"https:\/\/hostnetart.com.br\/baixada\/wp-json\/wp\/v2\/posts"}],"about":[{"href":"https:\/\/hostnetart.com.br\/baixada\/wp-json\/wp\/v2\/types\/post"}],"author":[{"embeddable":true,"href":"https:\/\/hostnetart.com.br\/baixada\/wp-json\/wp\/v2\/users\/2"}],"replies":[{"embeddable":true,"href":"https:\/\/hostnetart.com.br\/baixada\/wp-json\/wp\/v2\/comments?post=2717"}],"version-history":[{"count":0,"href":"https:\/\/hostnetart.com.br\/baixada\/wp-json\/wp\/v2\/posts\/2717\/revisions"}],"wp:featuredmedia":[{"embeddable":true,"href":"https:\/\/hostnetart.com.br\/baixada\/wp-json\/wp\/v2\/media\/2716"}],"wp:attachment":[{"href":"https:\/\/hostnetart.com.br\/baixada\/wp-json\/wp\/v2\/media?parent=2717"}],"wp:term":[{"taxonomy":"category","embeddable":true,"href":"https:\/\/hostnetart.com.br\/baixada\/wp-json\/wp\/v2\/categories?post=2717"},{"taxonomy":"post_tag","embeddable":true,"href":"https:\/\/hostnetart.com.br\/baixada\/wp-json\/wp\/v2\/tags?post=2717"}],"curies":[{"name":"wp","href":"https:\/\/api.w.org\/{rel}","templated":true}]}}