{"id":2713,"date":"2017-07-27T13:31:26","date_gmt":"2017-07-27T16:31:26","guid":{"rendered":"https:\/\/hostnetart.com.br\/baixada\/fenaban-nao-apresenta-conclusao-sobre-clausula-33-c-reivindicada-pelos-bancarios\/"},"modified":"2017-07-27T13:31:26","modified_gmt":"2017-07-27T16:31:26","slug":"fenaban-nao-apresenta-conclusao-sobre-clausula-33-c-reivindicada-pelos-bancarios","status":"publish","type":"post","link":"https:\/\/hostnetart.com.br\/baixada\/fenaban-nao-apresenta-conclusao-sobre-clausula-33-c-reivindicada-pelos-bancarios\/","title":{"rendered":"Fenaban n\u00e3o apresenta conclus\u00e3o sobre clausula 33-C reivindicada pelos banc\u00e1rios"},"content":{"rendered":"<p><em>Pela terceira vez no ano, reuni\u00e3o da comiss\u00e3o bipartite de seguran\u00e7a banc\u00e1ria termina sem avan\u00e7o<\/em><\/p>\n<p>\u00a0<\/p>\n<p>A Contraf-CUT se reuniu, nesta quarta-feira (26), com a Federa\u00e7\u00e3o Nacional dos Bancos (Fenaban) para a comiss\u00e3o bipartite de seguran\u00e7a banc\u00e1ria. Pela terceira vez no ano, os trabalhadores n\u00e3o obtiveram a resposta esperada dos bancos sobre a prote\u00e7\u00e3o aos banc\u00e1rios, prevista na clausula 33-Ca da Conven\u00e7\u00e3o Coletiva de Trabalho, considerada prioridade para a seguran\u00e7a da categoria. <\/p>\n<p>A clausula 33- C da CCT amplia a possibilidade de realoca\u00e7\u00e3o dos trabalhadores para outra ag\u00eancia ou posto de atendimento banc\u00e1rio, quando os mesmos tenham sido v\u00edtimas de sequestro consumado.\u00a0 A reivindica\u00e7\u00e3o principal da categoria \u00e9 ampliar a prote\u00e7\u00e3o ao banc\u00e1rio v\u00edtima de extors\u00e3o mediante sequestro. A Fenaban afirmou n\u00e3o ter uma conclus\u00e3o, do ponto de vista t\u00e9cnico, sobre a mudan\u00e7a e vai entregar uma resposta antes da pr\u00f3xima reuni\u00e3o, marcada para o dia 11 de setembro. <\/p>\n<p>Para Gustavo Tabatinga, secret\u00e1rio de Pol\u00edticas Sindicais da Contraf-CUT, a prioridade para os trabalhadores \u00e9 a amplia\u00e7\u00e3o da prote\u00e7\u00e3o aos banc\u00e1rios, v\u00edtimas de extors\u00e3o mediante sequestro. \u201cT\u00ednhamos uma grande expectativa, pois o tema j\u00e1 foi debatido nas reuni\u00f5es anteriores e em todas o assunto tem sido postergado. Acreditamos que os bancos j\u00e1 tiveram um bom tempo para realizar a an\u00e1lise e para n\u00f3s essa quest\u00e3o \u00e9 priorit\u00e1ria. \u201d <\/p>\n<p>Durante a reuni\u00e3o tamb\u00e9m foram discutidas estrat\u00e9gias para o combate de assaltos a ag\u00eancias e redu\u00e7\u00e3o do n\u00famero de ocorr\u00eancias. A Fenaban afirmou que no ano de 2017 houve uma redu\u00e7\u00e3o de assaltos a ag\u00eancias banc\u00e1rias. De acordo com a entidade, Santa Catarina, S\u00e3o Paulo, Minas Gerais e Goi\u00e1s apresentaram uma redu\u00e7\u00e3o mais acentuada.<\/p>\n<p>No caso das ag\u00eancias destru\u00eddas por assaltos, principalmente em cidades pequenas, os bancos afirmaram que h\u00e1 uma dificuldade maior nessas \u00e1reas, onde as quest\u00f5es de seguran\u00e7a p\u00fablica s\u00e3o prec\u00e1rias.<\/p>\n<p><strong>Semin\u00e1rio de Seguran\u00e7a Banc\u00e1ria<\/strong><br \/>Em reuni\u00e3o, realizada na ter\u00e7a-feira (25), na sede da Contraf-CUT, os banc\u00e1rios definiram a data para o Semin\u00e1rio de Seguran\u00e7a Banc\u00e1ria, que est\u00e1 programado para acontecer nos dias 22 e 23 de agosto, e tamb\u00e9m discutiram sobre a elabora\u00e7\u00e3o de uma ferramenta de monitora\u00e7\u00e3o a ataques aos bancos.<\/p>\n<p><em><strong>Fonte: Contraf-CUT<\/strong><\/em><\/p>\n","protected":false},"excerpt":{"rendered":"<p>Pela terceira vez no ano, reuni\u00e3o da comiss\u00e3o bipartite de seguran\u00e7a banc\u00e1ria termina sem avan\u00e7o \u00a0 A Contraf-CUT se reuniu, nesta quarta-feira (26), com a Federa\u00e7\u00e3o Nacional dos Bancos (Fenaban) para a comiss\u00e3o bipartite de seguran\u00e7a banc\u00e1ria. Pela terceira vez no ano, os trabalhadores n\u00e3o obtiveram a resposta esperada dos bancos sobre a prote\u00e7\u00e3o aos [&hellip;]<\/p>\n","protected":false},"author":2,"featured_media":2712,"comment_status":"","ping_status":"","sticky":false,"template":"","format":"standard","meta":{"footnotes":""},"categories":[3],"tags":[],"class_list":["post-2713","post","type-post","status-publish","format-standard","has-post-thumbnail","hentry","category-noticias"],"_links":{"self":[{"href":"https:\/\/hostnetart.com.br\/baixada\/wp-json\/wp\/v2\/posts\/2713","targetHints":{"allow":["GET"]}}],"collection":[{"href":"https:\/\/hostnetart.com.br\/baixada\/wp-json\/wp\/v2\/posts"}],"about":[{"href":"https:\/\/hostnetart.com.br\/baixada\/wp-json\/wp\/v2\/types\/post"}],"author":[{"embeddable":true,"href":"https:\/\/hostnetart.com.br\/baixada\/wp-json\/wp\/v2\/users\/2"}],"replies":[{"embeddable":true,"href":"https:\/\/hostnetart.com.br\/baixada\/wp-json\/wp\/v2\/comments?post=2713"}],"version-history":[{"count":0,"href":"https:\/\/hostnetart.com.br\/baixada\/wp-json\/wp\/v2\/posts\/2713\/revisions"}],"wp:featuredmedia":[{"embeddable":true,"href":"https:\/\/hostnetart.com.br\/baixada\/wp-json\/wp\/v2\/media\/2712"}],"wp:attachment":[{"href":"https:\/\/hostnetart.com.br\/baixada\/wp-json\/wp\/v2\/media?parent=2713"}],"wp:term":[{"taxonomy":"category","embeddable":true,"href":"https:\/\/hostnetart.com.br\/baixada\/wp-json\/wp\/v2\/categories?post=2713"},{"taxonomy":"post_tag","embeddable":true,"href":"https:\/\/hostnetart.com.br\/baixada\/wp-json\/wp\/v2\/tags?post=2713"}],"curies":[{"name":"wp","href":"https:\/\/api.w.org\/{rel}","templated":true}]}}