{"id":2705,"date":"2017-07-26T18:16:07","date_gmt":"2017-07-26T21:16:07","guid":{"rendered":"https:\/\/hostnetart.com.br\/baixada\/mulheres-negras-denunciam-racismo-e-retrocesso\/"},"modified":"2017-07-26T18:16:07","modified_gmt":"2017-07-26T21:16:07","slug":"mulheres-negras-denunciam-racismo-e-retrocesso","status":"publish","type":"post","link":"https:\/\/hostnetart.com.br\/baixada\/mulheres-negras-denunciam-racismo-e-retrocesso\/","title":{"rendered":"Mulheres negras denunciam racismo e retrocesso"},"content":{"rendered":"<p>A CUT lan\u00e7ou nesta ter\u00e7a (25), data em que se celebra o Dia Internacional da Mulher Negra da Am\u00e9rica Latina e do Caribe, uma cartilha que revela a situa\u00e7\u00e3o da mulher negra brasileira. A cartilha, que foi produzida pelas secretarias de Combate ao Racismo, da Mulher Trabalhadora e da Sa\u00fade do Trabalhador, mostra que as mulheres negras est\u00e3o nos postos mais prec\u00e1rios no mercado de trabalho e ainda recebem menos que os n\u00e3o negros.<\/p>\n<p>A data lembra tamb\u00e9m Tereza de Benguela, \u00edcone da resist\u00eancia negra no Brasil Colonial. Nascida no s\u00e9culo 18, Benguela chefiou o Quilombo do Piolho ou Quariter\u00ea, nos arredores de Vila Bela da Sant\u00edssima Trindade, em Mato Grosso.<\/p>\n<p>Na luta contra o racismo e o sexismo, as mulheres negras mostram sua resist\u00eancia por sofrer dupla discrimina\u00e7\u00e3o: de ra\u00e7a e de g\u00eanero. O Mapa da Viol\u00eancia 2015 divulgado pela Faculdade Latino-Americana de Ci\u00eancias Sociais (Flacso) aponta que em um ano morreram 66,7% mais mulheres negras do que brancas no Pa\u00eds, um avan\u00e7o de 54% em 10 anos.<\/p>\n<p>Para a secret\u00e1ria Nacional de Combate ao Racismo da CUT, Maria Julia Nogueira, o dia 25 de julho \u00e9 muito representativo para as mulheres negras. \u201c\u00c9 um marco da resist\u00eancia e de visibilidade diante da explora\u00e7\u00e3o do trabalho, dos alt\u00edssimos \u00edndices da viol\u00eancia dom\u00e9stica contra as mulheres, especialmente das mulheres negras\u201d, diz a dirigente.<\/p>\n<p>&#8220;Al\u00e9m da inefici\u00eancia dessas pol\u00edticas, que se veem agravadas pelo corte nas pol\u00edticas de sa\u00fade as mulheres negras enfrentam o racismo institucional\u201d, enfatiza Jun\u00e9ia Martins Batista, secret\u00e1ria da Mulher Trabalhadora.<\/p>\n<p><strong>Marcha das mulheres negras pelo Brasil<\/strong><br \/>Neste dia de celebra\u00e7\u00e3o e de luta, as mulheres negras seguem em marcha em v\u00e1rias capitais do pa\u00eds. Em S\u00e3o Paulo, a concentra\u00e7\u00e3o come\u00e7a \u00e0s 17h com v\u00e1rias atra\u00e7\u00f5es culturais, na Pra\u00e7a Roosevelt, no centro da capital paulista, e segue at\u00e9 o Largo do Paissandu.<\/p>\n<p>A concentra\u00e7\u00e3o em Bel\u00e9m come\u00e7a \u00e0s 17h, na escadinha da Esta\u00e7\u00e3o das Docas, e termina no Quilombo da Rep\u00fablica com uma a\u00e7\u00e3o cultural de artistas regionais.<\/p>\n<p>A marcha em Salvador aconteceu \u00e0s 9h, em frente ao Iguatemi, e destacou a necessidade de a\u00e7\u00f5es coletivas e de pol\u00edticas p\u00fablicas efetivas que visam o enfrentamento da viol\u00eancia contra as mulheres negras. No Rio de Janeiro, o ato vai acontecer no dia 30 de julho de 2017 a partir das 10h, no Posto 4, em Copacabana.<\/p>\n","protected":false},"excerpt":{"rendered":"<p>A CUT lan\u00e7ou nesta ter\u00e7a (25), data em que se celebra o Dia Internacional da Mulher Negra da Am\u00e9rica Latina e do Caribe, uma cartilha que revela a situa\u00e7\u00e3o da mulher negra brasileira. A cartilha, que foi produzida pelas secretarias de Combate ao Racismo, da Mulher Trabalhadora e da Sa\u00fade do Trabalhador, mostra que as [&hellip;]<\/p>\n","protected":false},"author":2,"featured_media":2704,"comment_status":"","ping_status":"","sticky":false,"template":"","format":"standard","meta":{"footnotes":""},"categories":[3],"tags":[],"class_list":["post-2705","post","type-post","status-publish","format-standard","has-post-thumbnail","hentry","category-noticias"],"_links":{"self":[{"href":"https:\/\/hostnetart.com.br\/baixada\/wp-json\/wp\/v2\/posts\/2705","targetHints":{"allow":["GET"]}}],"collection":[{"href":"https:\/\/hostnetart.com.br\/baixada\/wp-json\/wp\/v2\/posts"}],"about":[{"href":"https:\/\/hostnetart.com.br\/baixada\/wp-json\/wp\/v2\/types\/post"}],"author":[{"embeddable":true,"href":"https:\/\/hostnetart.com.br\/baixada\/wp-json\/wp\/v2\/users\/2"}],"replies":[{"embeddable":true,"href":"https:\/\/hostnetart.com.br\/baixada\/wp-json\/wp\/v2\/comments?post=2705"}],"version-history":[{"count":0,"href":"https:\/\/hostnetart.com.br\/baixada\/wp-json\/wp\/v2\/posts\/2705\/revisions"}],"wp:featuredmedia":[{"embeddable":true,"href":"https:\/\/hostnetart.com.br\/baixada\/wp-json\/wp\/v2\/media\/2704"}],"wp:attachment":[{"href":"https:\/\/hostnetart.com.br\/baixada\/wp-json\/wp\/v2\/media?parent=2705"}],"wp:term":[{"taxonomy":"category","embeddable":true,"href":"https:\/\/hostnetart.com.br\/baixada\/wp-json\/wp\/v2\/categories?post=2705"},{"taxonomy":"post_tag","embeddable":true,"href":"https:\/\/hostnetart.com.br\/baixada\/wp-json\/wp\/v2\/tags?post=2705"}],"curies":[{"name":"wp","href":"https:\/\/api.w.org\/{rel}","templated":true}]}}