{"id":2701,"date":"2017-07-25T17:57:34","date_gmt":"2017-07-25T20:57:34","guid":{"rendered":"https:\/\/hostnetart.com.br\/baixada\/contraf-cut-inicia-campanha-em-defesa-da-saude-dos-trabalhadores\/"},"modified":"2017-07-25T17:57:34","modified_gmt":"2017-07-25T20:57:34","slug":"contraf-cut-inicia-campanha-em-defesa-da-saude-dos-trabalhadores","status":"publish","type":"post","link":"https:\/\/hostnetart.com.br\/baixada\/contraf-cut-inicia-campanha-em-defesa-da-saude-dos-trabalhadores\/","title":{"rendered":"Contraf-CUT inicia campanha em defesa da sa\u00fade dos trabalhadores"},"content":{"rendered":"<h2><em>Campanha visa alertar aos trabalhadores para que eles n\u00e3o deleguem aos bancos a responsabilidade pela pr\u00f3pria sa\u00fade<\/em><\/h2>\n<p>\u00a0<\/p>\n<p>A Confedera\u00e7\u00e3o Nacional dos Trabalhadores do Ramo Financeiro (Contraf-CUT) lan\u00e7ar\u00e1, durante a Confer\u00eancia Nacional dos Banc\u00e1rios, a campanha nacional \u201cAssuma o Controle \u2013 A sa\u00fade \u00e9 Sua\u201d para, entre todas coisas, informar aos trabalhadores quais s\u00e3o os riscos da atividade profissional na categoria e orient\u00e1-los a n\u00e3o se submeter exclusivamente ao m\u00e9dico do trabalho do banco (veja abaixo a rela\u00e7\u00e3o completa dos objetivos da campanha).<\/p>\n<p>\u201cA taxa de acidentes de trabalho e afastamentos por doen\u00e7a entre os banc\u00e1rios \u00e9 uma das maiores na compara\u00e7\u00e3o entre todas as categorias. A situa\u00e7\u00e3o se torna ainda mais grave quando constatamos que os trabalhadores evitam se afastar do trabalho para n\u00e3o serem discriminados e para n\u00e3o passarem a figurar na lista de futuras demiss\u00f5es. Al\u00e9m disso, em muitos casos, os bancos n\u00e3o emitem as CATs (Comunica\u00e7\u00f5es de Acidentes de Trabalho)\u201d, afirmou Walcir Previtale, secret\u00e1rio de Sa\u00fade do Trabalhador da Contraf-CUT. \u201cQueremos mostrar para a categoria que, nessa situa\u00e7\u00e3o cr\u00edtica, eles precisam assumir o controle das a\u00e7\u00f5es de sa\u00fade preventiva e curativa para evitar o adoecimento e os acidentes de trabalho, muitas vezes consequ\u00eancias de estresse e excesso de trabalho\u201d, completou o dirigente da Contraf-CUT.<\/p>\n<p>A Pesquisa Nacional de Sa\u00fade (PNS\/IBGE 2013) apontou a ocorr\u00eancia de 4.948.000 acidentes do trabalho em 2013. Na Previd\u00eancia Social\/INSS foram registrados apenas 717.911 acidentes de trabalho, considerando apenas a popula\u00e7\u00e3o de trabalhadores com carteira assinada. A diferen\u00e7a entre as estat\u00edsticas se deve \u00e0 j\u00e1 conhecida subnotifica\u00e7\u00e3o do registro de acidentes, ao tipo de dado resultante de cada pesquisa, e \u00e0 baixa taxa de formaliza\u00e7\u00e3o do emprego.<\/p>\n<p>A categoria banc\u00e1ria figura entre os ramos de atividade com as mais altas taxas de acidentes do trabalho do pa\u00eds. De 2012 a 2016 foram 20.414 afastamentos por acidentes do trabalho conforme dados do Minist\u00e9rio P\u00fablico do Trabalho.<\/p>\n<p>As estat\u00edsticas atuais e pesquisas acad\u00eamicas demonstram que os casos de transtornos mentais entre os banc\u00e1rios, v\u00eam se agravando a cada dia e est\u00e3o vinculados \u00e0 organiza\u00e7\u00e3o do trabalho. As exig\u00eancias progressivas de metas, controles permanentes de produtividade, formas abusivas de gest\u00e3o, pr\u00e1ticas de ass\u00e9dio moral e sobrecarga de trabalho, figuram entre as principais causas de sofrimento psicol\u00f3gico na categoria.<\/p>\n<p><strong>Assuma o Controle \u2013 A Sa\u00fade \u00e9 Sua!<\/strong><br \/>A ideia da campanha surgiu no come\u00e7o de 2017 em uma reuni\u00e3o do Coletivo Nacional da Contraf-CUT de Sa\u00fade do(a) Trabalhador(a). O desafio \u00e9 fazer com o que a campanha reflita todo o debate acumulado nos \u00faltimos anos sobre o tema pela Contraf-CUT, enfatizando a sa\u00fade do trabalhador como direito humano fundamental e inalien\u00e1vel.<\/p>\n<p>O mote foi elaborado a partir de duas campanhas de sucesso j\u00e1 desenvolvidas pelos sindicatos dos banc\u00e1rios de S\u00e3o Paulo e do Rio de Janeiro: \u201cAssuma o Controle\u201d e \u201cA Sa\u00fade \u00e9 Sua\u201d, respectivamente.<\/p>\n<p><strong>\u201cAssuma o Controle\u201d<\/strong><br \/>O Sindicato dos Banc\u00e1rios de S\u00e3o Paulo, Osasco e Regi\u00e3o lan\u00e7ou sua campanha no come\u00e7o de 2016. O objetivo \u00e9 o de que os banc\u00e1rios assumam o controle de sua sa\u00fade e n\u00e3o a deleguem a terceiros.<\/p>\n<p>\u201c\u00c9 preciso mudar a maneira que os bancos se relacionam com seus funcion\u00e1rios, principalmente no que se refere \u00e0 cobran\u00e7a de resultados. Essa \u00e9 a principal causa do adoecimento dos trabalhadores. Estes, por sua vez, precisam entender que s\u00e3o detentores de direitos e que, se se submeterem aos bancos e seus m\u00e9dicos do trabalho, pode n\u00e3o ser a melhor alternativa para alcan\u00e7ar seus objetivos. Ceder \u00e0s press\u00f5es pode at\u00e9 leva-los a atingir as metas, mas, agora ou mais tarde, pode causar seu afastamento por problemas de sa\u00fade\u201d, explicou Dion\u00edsio Reis, que ocupava a Secretaria de Sa\u00fade e Condi\u00e7\u00f5es de Trabalho do Seeb\/S\u00e3o Paulo quando a campanha foi lan\u00e7ada. A campanha est\u00e1 em andamento e continua dialogando com os banc\u00e1rios.<\/p>\n<p><strong>\u201cA Sa\u00fade \u00e9 Sua\u201d<\/strong><br \/>O projeto elaborado pelo Sindicato dos Banc\u00e1rios do Rio de Janeiro (Seeb\/Rio de Janeiro) possui uma p\u00e1gina no Facebook, que vem demonstrando ser uma excelente ferramenta de relacionamento com a categoria e com a sociedade sobre a sa\u00fade do trabalhador.<\/p>\n<p>\u201cS\u00e3o publicados textos e v\u00eddeos com respostas \u00e0s perguntas mais frequentes feitas pelos banc\u00e1rios que procuram o sindicato, quest\u00f5es relativas a seus direitos, esclarecimentos sobre as cl\u00e1usulas da Conven\u00e7\u00e3o Coletiva e tamb\u00e9m sobre o embate nacional que \u00e9 travado diariamente para avan\u00e7ar na luta ou mesmo impedir que os legisladores, o patronato e o Poder Executivo prejudiquem os trabalhadores\u201d, ressaltou Gilberto Leal, secret\u00e1rio de Sa\u00fade do Seeb\/Rio de Janeiro.<\/p>\n<p>Paralelamente, a Contraf-CUT negocia com os bancos e com a Fenaban nas mesas de negocia\u00e7\u00f5es permanentes e nas reuni\u00f5es com Comando Nacional do Banc\u00e1rios melhorias nas rela\u00e7\u00f5es de trabalho, nos procedimentos de cobran\u00e7a de resultados e de afastamento e retorno ao trabalho devido a problemas de sa\u00fade. \u201cAs negocia\u00e7\u00f5es sempre s\u00e3o muito duras. Os bancos s\u00e3o muito reticentes \u00e0s altera\u00e7\u00f5es que beneficiem os trabalhadores. Temos que martelar muito tempo at\u00e9 conseguir algum avan\u00e7o. Mas, neste ano, como n\u00e3o precisamos negociar reajustes salariais, nos vales refei\u00e7\u00e3o e alimenta\u00e7\u00e3o, nem na PLR (Participa\u00e7\u00e3o nos Lucros e Resultados), pudemos aprofundar as negocia\u00e7\u00f5es sobre estes temas e estamos bastantes otimistas\u201d, explicou Roberto von der Osten, presidente da Contraf-CUT.<\/p>\n<p>Na Campanha Nacional de 2016, a categoria conquistou um acordo de dois anos com a Fenaban, que garantiu aos banc\u00e1rios, mesmo neste momento de crise ataque aos direitos dos trabalhadores, o reajuste do INPC mais 1% de aumento real sobre o sal\u00e1rio, vales refei\u00e7\u00e3o e alimenta\u00e7\u00e3o e sobre a PLR.<\/p>\n<p><strong>Objetivos<\/strong><br \/>\u201cA campanha \u00e9 tamb\u00e9m uma forma de a categoria se precaver contra a postura dos bancos, que ocultam os \u00edndices de adoecimento, os riscos do ambiente de trabalho, negam-se a discutir suas causas, inviabilizar a participa\u00e7\u00e3o dos trabalhadores e de seus representantes na defini\u00e7\u00e3o das metas e na elabora\u00e7\u00e3o de pol\u00edticas de preven\u00e7\u00e3o, prote\u00e7\u00e3o e recupera\u00e7\u00e3o de sua sa\u00fade\u201d afirmou o secret\u00e1rio de Sa\u00fade da Contraf-CUT.<\/p>\n<p>A campanha nacional \u201cAssuma o Controle &#8211; A Sa\u00fade \u00e9 Sua\u201d tem os seguintes objetivos:<\/p>\n<p>\u00a0\u00a0\u00a0 Informar aos trabalhadores quais s\u00e3o os riscos da atividade profissional dos banc\u00e1rios;<br \/>\u00a0\u00a0\u00a0 Orientar os trabalhadores a n\u00e3o se submeter exclusivamente ao m\u00e9dico do trabalho do banco, que via de regra, atende apenas aos interesses patronais e seguir as orienta\u00e7\u00f5es do m\u00e9dico de sua confian\u00e7a;<br \/>\u00a0\u00a0\u00a0 Estimular a participa\u00e7\u00e3o dos trabalhadores na defesa e prote\u00e7\u00e3o de sua sa\u00fade exigindo rela\u00e7\u00f5es interpessoais que se pautem pelo respeito m\u00fatuo;<br \/>\u00a0\u00a0\u00a0 Conscientizar que o descanso \u00e9 um direito dos trabalhadores e fator fundamental na preserva\u00e7\u00e3o de sua sa\u00fade;<br \/>\u00a0\u00a0\u00a0 Mobilizar e organizar os trabalhadores nos locais de trabalho a fim de garantir o respeito a preserva\u00e7\u00e3o e tratamento de sua sa\u00fade;<br \/>\u00a0\u00a0\u00a0 Ampliar e fortalecer o debate sobre condi\u00e7\u00f5es de trabalho visando a elabora\u00e7\u00e3o e estabelecimento de pol\u00edticas de preven\u00e7\u00e3o e prote\u00e7\u00e3o \u00e0 sa\u00fade dos trabalhadores.<\/p>\n<p>\u00a0<\/p>\n<p id=\"page-author\"><strong>Fonte: Contraf-CUT<\/strong><\/p>\n","protected":false},"excerpt":{"rendered":"<p>Campanha visa alertar aos trabalhadores para que eles n\u00e3o deleguem aos bancos a responsabilidade pela pr\u00f3pria sa\u00fade \u00a0 A Confedera\u00e7\u00e3o Nacional dos Trabalhadores do Ramo Financeiro (Contraf-CUT) lan\u00e7ar\u00e1, durante a Confer\u00eancia Nacional dos Banc\u00e1rios, a campanha nacional \u201cAssuma o Controle \u2013 A sa\u00fade \u00e9 Sua\u201d para, entre todas coisas, informar aos trabalhadores quais s\u00e3o os [&hellip;]<\/p>\n","protected":false},"author":2,"featured_media":2700,"comment_status":"","ping_status":"","sticky":false,"template":"","format":"standard","meta":{"footnotes":""},"categories":[3],"tags":[],"class_list":["post-2701","post","type-post","status-publish","format-standard","has-post-thumbnail","hentry","category-noticias"],"_links":{"self":[{"href":"https:\/\/hostnetart.com.br\/baixada\/wp-json\/wp\/v2\/posts\/2701","targetHints":{"allow":["GET"]}}],"collection":[{"href":"https:\/\/hostnetart.com.br\/baixada\/wp-json\/wp\/v2\/posts"}],"about":[{"href":"https:\/\/hostnetart.com.br\/baixada\/wp-json\/wp\/v2\/types\/post"}],"author":[{"embeddable":true,"href":"https:\/\/hostnetart.com.br\/baixada\/wp-json\/wp\/v2\/users\/2"}],"replies":[{"embeddable":true,"href":"https:\/\/hostnetart.com.br\/baixada\/wp-json\/wp\/v2\/comments?post=2701"}],"version-history":[{"count":0,"href":"https:\/\/hostnetart.com.br\/baixada\/wp-json\/wp\/v2\/posts\/2701\/revisions"}],"wp:featuredmedia":[{"embeddable":true,"href":"https:\/\/hostnetart.com.br\/baixada\/wp-json\/wp\/v2\/media\/2700"}],"wp:attachment":[{"href":"https:\/\/hostnetart.com.br\/baixada\/wp-json\/wp\/v2\/media?parent=2701"}],"wp:term":[{"taxonomy":"category","embeddable":true,"href":"https:\/\/hostnetart.com.br\/baixada\/wp-json\/wp\/v2\/categories?post=2701"},{"taxonomy":"post_tag","embeddable":true,"href":"https:\/\/hostnetart.com.br\/baixada\/wp-json\/wp\/v2\/tags?post=2701"}],"curies":[{"name":"wp","href":"https:\/\/api.w.org\/{rel}","templated":true}]}}