{"id":2699,"date":"2017-07-25T17:53:38","date_gmt":"2017-07-25T20:53:38","guid":{"rendered":"https:\/\/hostnetart.com.br\/baixada\/conferencia-nacional-dos-bancarios-comeca-nesta-sexta-feira\/"},"modified":"2017-07-25T17:53:38","modified_gmt":"2017-07-25T20:53:38","slug":"conferencia-nacional-dos-bancarios-comeca-nesta-sexta-feira","status":"publish","type":"post","link":"https:\/\/hostnetart.com.br\/baixada\/conferencia-nacional-dos-bancarios-comeca-nesta-sexta-feira\/","title":{"rendered":"Confer\u00eancia Nacional dos Banc\u00e1rios come\u00e7a nesta sexta-feira"},"content":{"rendered":"<p><em>O evento ter\u00e1 como mote principal \u201cLutar, defender e garantir. Nenhum direito a menos!\u201d<\/em><\/p>\n<p>Com o mote \u201cLutar, defender e garantir. Nenhum direito a menos!\u201d, a 19\u00aa Confer\u00eancia Nacional dos Banc\u00e1rios come\u00e7a nesta sexta-feira (28), no hotel Holiday Inn, em S\u00e3o Paulo. At\u00e9 o dia 31 de julho, 696 banc\u00e1rios, entre delegados, membros do Comando Nacional dos Banc\u00e1rios e observadores v\u00e3o debater as a\u00e7\u00f5es para a dif\u00edcil conjuntura nacional que se apresenta.<\/p>\n<p>\u201cTemos que lutar em defesa dos bancos p\u00fablicos, contra a Reforma Trabalhista, contra a Reforma da Previd\u00eancia e contra a digitaliza\u00e7\u00e3o do sistema financeiro. Vamos sair com um plano de lutas, que ser\u00e1 nossa pauta de reivindica\u00e7\u00e3o contra a altera\u00e7\u00e3o de pontos fundamentais da CLT, que protegeu a classe trabalhadora durante muito tempo\u201d, afirmou Roberto von der Osten, presidente da Contraf-CUT e um dos coordenadores do Comando Nacional dos Banc\u00e1rios.<\/p>\n<p><em>Caderno de subs\u00eddios j\u00e1 est\u00e1 dispon\u00edvel<\/em><br \/>A Contraf-CUT disponibiliza em seu site o caderno de subs\u00eddios sobre os temas que ser\u00e3o debatidos nos tr\u00eas dias de evento. Os interessados podem fazem o download na se\u00e7\u00e3o Publica\u00e7\u00f5es do site ou aqui.<\/p>\n<p><span style=\"text-decoration: underline;\"><em>Confira a programa\u00e7\u00e3o completa:<\/em><\/span><\/p>\n<p><strong>Sexta-feira, dia 28 de julho<\/strong><\/p>\n<p>A partir das 15h: Check- in no Holiday Inn Parque Anhembi<\/p>\n<p>15h \u00e0s 19h &#8211; Credenciamento de delegados, delegadas,observadores e convidados<\/p>\n<p>17h \u00e0s 18h: Painel Expositivo: Defesa dos Bancos P\u00fablicos<\/p>\n<p>20h \u00e0s 22h: Abertura Solene<\/p>\n<p><strong>S\u00e1bado, dia 29 de julho<\/strong><\/p>\n<p>8h30 \u00e0s 18h: Credenciamento de delegados, delegadas, observadores e convidados (as)<\/p>\n<p>09h \u00e0s 9h30: Vota\u00e7\u00e3o do Regimento Interno<\/p>\n<p>09h30 \u00e0s 11h30: An\u00e1lise de conjuntura nacional e internacional<\/p>\n<p>11h30 \u00e0s 13h30: Defesa do Emprego frente \u00e0s novas tecnologias<\/p>\n<p>13h30 \u00e0s 14h30: Almo\u00e7o<\/p>\n<p>14h30 \u00e0s 17h: Reforma Trabalhista<\/p>\n<p>17h \u00e0s 18h30: Reforma Previdenci\u00e1ria<\/p>\n<p>18h \u00e0s 19h: Prazo para substitui\u00e7\u00e3o de delegados por suplentes<\/p>\n<p>18h30 \u00e0s 20h: Reuni\u00e3o de Correntes Pol\u00edticas<\/p>\n<p>20h \u00e0s 21h30: Jantar<\/p>\n<p>22h \u00e0s 02h: Confraterniza\u00e7\u00e3o<\/p>\n<p><strong>Dia 30 de julho \u2013 domingo<\/strong><\/p>\n<p>9h \u00e0s 13h: Plano de Lutas e encerramento<\/p>\n<p>12h: In\u00edcio do check-out no hotel<\/p>\n<p>13h \u00e0s 14h \u2013 Almo\u00e7o<\/p>\n<p><span style=\"text-decoration: underline;\"><em><strong>Fonte: Contraf-CUT<\/strong><\/em><\/span><\/p>\n","protected":false},"excerpt":{"rendered":"<p>O evento ter\u00e1 como mote principal \u201cLutar, defender e garantir. Nenhum direito a menos!\u201d Com o mote \u201cLutar, defender e garantir. Nenhum direito a menos!\u201d, a 19\u00aa Confer\u00eancia Nacional dos Banc\u00e1rios come\u00e7a nesta sexta-feira (28), no hotel Holiday Inn, em S\u00e3o Paulo. At\u00e9 o dia 31 de julho, 696 banc\u00e1rios, entre delegados, membros do Comando [&hellip;]<\/p>\n","protected":false},"author":2,"featured_media":2698,"comment_status":"","ping_status":"","sticky":false,"template":"","format":"standard","meta":{"footnotes":""},"categories":[3],"tags":[],"class_list":["post-2699","post","type-post","status-publish","format-standard","has-post-thumbnail","hentry","category-noticias"],"_links":{"self":[{"href":"https:\/\/hostnetart.com.br\/baixada\/wp-json\/wp\/v2\/posts\/2699","targetHints":{"allow":["GET"]}}],"collection":[{"href":"https:\/\/hostnetart.com.br\/baixada\/wp-json\/wp\/v2\/posts"}],"about":[{"href":"https:\/\/hostnetart.com.br\/baixada\/wp-json\/wp\/v2\/types\/post"}],"author":[{"embeddable":true,"href":"https:\/\/hostnetart.com.br\/baixada\/wp-json\/wp\/v2\/users\/2"}],"replies":[{"embeddable":true,"href":"https:\/\/hostnetart.com.br\/baixada\/wp-json\/wp\/v2\/comments?post=2699"}],"version-history":[{"count":0,"href":"https:\/\/hostnetart.com.br\/baixada\/wp-json\/wp\/v2\/posts\/2699\/revisions"}],"wp:featuredmedia":[{"embeddable":true,"href":"https:\/\/hostnetart.com.br\/baixada\/wp-json\/wp\/v2\/media\/2698"}],"wp:attachment":[{"href":"https:\/\/hostnetart.com.br\/baixada\/wp-json\/wp\/v2\/media?parent=2699"}],"wp:term":[{"taxonomy":"category","embeddable":true,"href":"https:\/\/hostnetart.com.br\/baixada\/wp-json\/wp\/v2\/categories?post=2699"},{"taxonomy":"post_tag","embeddable":true,"href":"https:\/\/hostnetart.com.br\/baixada\/wp-json\/wp\/v2\/tags?post=2699"}],"curies":[{"name":"wp","href":"https:\/\/api.w.org\/{rel}","templated":true}]}}