{"id":2689,"date":"2017-07-21T17:05:40","date_gmt":"2017-07-21T20:05:40","guid":{"rendered":"https:\/\/hostnetart.com.br\/baixada\/cut-nao-teme-fim-do-imposto-sindical\/"},"modified":"2017-07-21T17:05:40","modified_gmt":"2017-07-21T20:05:40","slug":"cut-nao-teme-fim-do-imposto-sindical","status":"publish","type":"post","link":"https:\/\/hostnetart.com.br\/baixada\/cut-nao-teme-fim-do-imposto-sindical\/","title":{"rendered":"CUT n\u00e3o teme fim do imposto sindical"},"content":{"rendered":"<h2><em>\u200bSindicatos mais combativos realizar\u00e3o campanhas de sindicaliza\u00e7\u00e3o e v\u00e3o sobreviver<\/em><\/h2>\n<p>\u00a0<\/p>\n<p>A contrarreforma trabalhista sancionada pelo ileg\u00edtimo Michel Temer no \u00faltimo dia 13 entra em vigor no dia 11 de novembro e os sindicatos t\u00eam, portanto, menos de quatro meses para estabelecer estrat\u00e9gias que impe\u00e7am esse naufr\u00e1gio dos direitos trabalhistas.<\/p>\n<p>Analisando os efeitos a m\u00e9dio e longo prazo da Reforma Trabalhista de Temer, as lideran\u00e7as sindicais dos ramos da CUT que participaram de um encontro em S\u00e3o Paulo na tarde desta quinta-feira (20) apontaram a necessidade de aprofundar as campanhas de sindicaliza\u00e7\u00e3o, j\u00e1 que, com o ataque \u00e0s condi\u00e7\u00f5es dignas de trabalho, os sindicatos se tornam ainda mais importantes.<\/p>\n<p>Nesse processo, aponta o secret\u00e1rio de Administra\u00e7\u00e3o e Finan\u00e7as da Central, Quintino Severo, o fim do imposto sindical pode resultar em sindicatos mais combativos.<\/p>\n<p>\u201cVamos tratar esse tema como sempre tratamos, sempre defendemos o autofinanciamento das centrais e sindicatos baseados numa contribui\u00e7\u00e3o dos trabalhadores aprovada de forma democr\u00e1tica e consciente. Acreditamos que esse \u00e9 o principal momento de refor\u00e7armos as campanhas de sindicaliza\u00e7\u00e3o, nossos princ\u00edpios e fazer com que a sustenta\u00e7\u00e3o financeira venha a partir da iniciativa dos trabalhadores\u201d, disse.<\/p>\n<p>Para o presidente da Confedera\u00e7\u00e3o Nacional do Ramo Metal\u00fargicos (CNM), Paulo Cayres, o combate contra o capital continua da mesma forma que sempre foi para a conquista de direitos.<\/p>\n<p>\u201cCom lei ou sem lei nossa luta vai continuar, at\u00e9 porque, tudo que conquistamos foi resultado da mobiliza\u00e7\u00e3o do movimento sindical. PLR, redu\u00e7\u00e3o de jornada, 13\u00ba sal\u00e1rio, f\u00e9rias, tudo isso custou sangue e suor. E a classe trabalhadora vai continuar a mobilizar e debater o regime democr\u00e1tico, investindo tamb\u00e9m na forma\u00e7\u00e3o de um Congresso nas pr\u00f3ximas elei\u00e7\u00f5es que defenda direitos e n\u00e3o esse vendido que quer entregar as conquistas dos trabalhadores.\u201d<\/p>\n<p><strong>Aproxima\u00e7\u00e3o com a base<\/strong><br \/>A presidente da Confedera\u00e7\u00e3o Nacional do Ramo Qu\u00edmico, Lucineide Varj\u00e3o, defende que o di\u00e1logo com a base tem de partir do princ\u00edpio que, sem sindicato, o enfrentamento ao rolo compressor patronal, que financiou campanhas e cobrou dos deputados a aprova\u00e7\u00e3o da Reforma Trabalhista, ir\u00e1 arrancar toda a dignidade da classe trabalhadora.<\/p>\n<p>\u201cA reforma trabalhista veio para acabar com sindicato, com direitos trabalhistas e com emprego formal. E o papel do movimento sindical \u00e9 construir a\u00e7\u00f5es para esse enfrentamento na forma da luta em massa. Se n\u00e3o houver a luta em massa, o sindicato sozinho n\u00e3o transformar\u00e1 a realidade\u201d, disse.<\/p>\n<p>Uma luta que exigir\u00e1 mais ousadia das lideran\u00e7as sindicais, alertou o presidente da Confedera\u00e7\u00e3o Brasileira Democr\u00e1tica dos Trabalhadores na Ind\u00fastria da Alimenta\u00e7\u00e3o (Contac), Siderlei Oliveira.<\/p>\n<p>\u201cEu vivi 1964 e t\u00ednhamos dificuldades tremenda, havia um Ex\u00e9rcito em cima de n\u00f3s, n\u00e3o pod\u00edamos dormir em casa antes e no dia de ato, porque estavam rondando para nos pegar. Hoje, muitos dirigentes parecem se resguardar, mas trabalhadores est\u00e3o pedindo que lideran\u00e7as apare\u00e7am e precisamos de mais ousadia\u201d, acredita.<\/p>\n<p>Segundo a vice-presidenta da CUT e trabalhadora de origem rural, Carmen Foro, o di\u00e1logo se faz necess\u00e1rio para mostrar que o preju\u00edzo n\u00e3o \u00e9 exclusivo de um ou outro grupo.<\/p>\n<p>\u201cCom pessoas sem emprego ou sem sal\u00e1rio decente para comprar os alimentos, a produ\u00e7\u00e3o da agricultura familiar tamb\u00e9m ser\u00e1 afetada. Hoje n\u00e3o temos cr\u00e9dito mais, as ag\u00eancias est\u00e3o fechando, os bancos p\u00fablicos que fomentavam a produ\u00e7\u00e3o est\u00e3o \u00e0s m\u00ednguas. N\u00e3o temos condi\u00e7\u00f5es de produzir e temos afetada a estrutura para colocar o que produzimos no mercado. Ent\u00e3o, essa reforma atinge a todos, at\u00e9 aqueles que n\u00e3o est\u00e3o diretamente no alvo\u201d, definiu.<\/p>\n<p>Mas se o avan\u00e7o da proposta pretende diminuir o poder de fogo do movimento sindical, alerta Carmen, ter\u00e1 como resultado um processo inverso a isso.<\/p>\n<p>\u201cA reforma trabalhista ser aprovada n\u00e3o significa que acabou o conflito entre Capital e Trabalho. Ao contr\u00e1rio, eles ser\u00e3o muito maiores e \u00e9 nessa guerra que temos de nos meter pelas vias jur\u00eddica, pol\u00edtica e via enfrentamento aos empres\u00e1rios. Ser\u00e1 nossa capacidade de organiza\u00e7\u00e3o que determinar\u00e1 o futuro que teremos.\u201d<\/p>\n<p><strong>Pensar a estrat\u00e9gia<\/strong><br \/>Na esfera jur\u00eddica, o advogado Eymard Logu\u00e9rcio refor\u00e7ou a vis\u00e3o de outros especialistas e acredita que ingressar com uma Associa\u00e7\u00e3o Direta de Inconstitucionalidade (ADI) no Supremo Tribunal Federal (STF) neste momento ser\u00e1 um tiro no p\u00e9 por dar aval \u00e0 reforma.<\/p>\n<p>Para ele, h\u00e1 espa\u00e7o para contesta\u00e7\u00e3o de ao menos 10 pontos do projeto, desde a terceiriza\u00e7\u00e3o at\u00e9 a individualiza\u00e7\u00e3o das negocia\u00e7\u00f5es coletivas. Segundo o advogado, o debate pode ocorrer tanto em \u00e2mbito internacional, por conta da lei representar o rompimento do Brasil com normas e tratados internacionais, quanto em \u00e2mbito nacional. Isso demanda, ressaltou, que o movimento sindical mantenha tamb\u00e9m um di\u00e1logo aberto com o judici\u00e1rio trabalhista.<\/p>\n<p>\u201cO Supremo n\u00e3o \u00e9 nosso palco, tem jogado contra n\u00f3s em todas as mat\u00e9rias trabalhistas. Seria um erro do ponto de vista pol\u00edtico, porque devolveria o palco ao inimigo, e jur\u00eddico, porque ainda h\u00e1 tempo a queimar\u201d, disse.<\/p>\n<p><strong>Fonte: CUT<\/strong><\/p>\n","protected":false},"excerpt":{"rendered":"<p>\u200bSindicatos mais combativos realizar\u00e3o campanhas de sindicaliza\u00e7\u00e3o e v\u00e3o sobreviver \u00a0 A contrarreforma trabalhista sancionada pelo ileg\u00edtimo Michel Temer no \u00faltimo dia 13 entra em vigor no dia 11 de novembro e os sindicatos t\u00eam, portanto, menos de quatro meses para estabelecer estrat\u00e9gias que impe\u00e7am esse naufr\u00e1gio dos direitos trabalhistas. Analisando os efeitos a m\u00e9dio [&hellip;]<\/p>\n","protected":false},"author":2,"featured_media":2688,"comment_status":"","ping_status":"","sticky":false,"template":"","format":"standard","meta":{"footnotes":""},"categories":[3],"tags":[],"class_list":["post-2689","post","type-post","status-publish","format-standard","has-post-thumbnail","hentry","category-noticias"],"_links":{"self":[{"href":"https:\/\/hostnetart.com.br\/baixada\/wp-json\/wp\/v2\/posts\/2689","targetHints":{"allow":["GET"]}}],"collection":[{"href":"https:\/\/hostnetart.com.br\/baixada\/wp-json\/wp\/v2\/posts"}],"about":[{"href":"https:\/\/hostnetart.com.br\/baixada\/wp-json\/wp\/v2\/types\/post"}],"author":[{"embeddable":true,"href":"https:\/\/hostnetart.com.br\/baixada\/wp-json\/wp\/v2\/users\/2"}],"replies":[{"embeddable":true,"href":"https:\/\/hostnetart.com.br\/baixada\/wp-json\/wp\/v2\/comments?post=2689"}],"version-history":[{"count":0,"href":"https:\/\/hostnetart.com.br\/baixada\/wp-json\/wp\/v2\/posts\/2689\/revisions"}],"wp:featuredmedia":[{"embeddable":true,"href":"https:\/\/hostnetart.com.br\/baixada\/wp-json\/wp\/v2\/media\/2688"}],"wp:attachment":[{"href":"https:\/\/hostnetart.com.br\/baixada\/wp-json\/wp\/v2\/media?parent=2689"}],"wp:term":[{"taxonomy":"category","embeddable":true,"href":"https:\/\/hostnetart.com.br\/baixada\/wp-json\/wp\/v2\/categories?post=2689"},{"taxonomy":"post_tag","embeddable":true,"href":"https:\/\/hostnetart.com.br\/baixada\/wp-json\/wp\/v2\/tags?post=2689"}],"curies":[{"name":"wp","href":"https:\/\/api.w.org\/{rel}","templated":true}]}}