{"id":2687,"date":"2017-07-21T15:07:42","date_gmt":"2017-07-21T18:07:42","guid":{"rendered":"https:\/\/hostnetart.com.br\/baixada\/cut-se-reune-nos-estados-e-prepara-congresso-nacional\/"},"modified":"2017-07-21T15:07:42","modified_gmt":"2017-07-21T18:07:42","slug":"cut-se-reune-nos-estados-e-prepara-congresso-nacional","status":"publish","type":"post","link":"https:\/\/hostnetart.com.br\/baixada\/cut-se-reune-nos-estados-e-prepara-congresso-nacional\/","title":{"rendered":"CUT se re\u00fane nos estados e prepara congresso nacional"},"content":{"rendered":"<h2><em>Central avalia conjuntura pol\u00edtica e a\u00e7\u00f5es contra o governo e por democracia. Entidade far\u00e1 congresso nacional extraordin\u00e1rio no final de agosto<\/em><\/h2>\n<p>\u00a0<\/p>\n<p>A Central \u00danica dos Trabalhadores (CUT) est\u00e1 realizando congressos estaduais, em car\u00e1ter extraordin\u00e1rio, para avaliar a conjuntura e discutir estrat\u00e9gias contra a retirada de direitos e a ofensiva do governo Temer. Em S\u00e3o Paulo, por exemplo, a 15\u00aa plen\u00e1ria estadual come\u00e7a nesta sexta-feira (21) e termina no s\u00e1bado (21), na Quadra dos Banc\u00e1rios, regi\u00e3o central da capital. Os eventos s\u00e3o preparat\u00f3rios para o encontro nacional, marcado para 28 a 31 de agosto, em S\u00e3o Paulo.<\/p>\n<div class=\"content\">\n<p>&#8220;Desde a posse da atual dire\u00e7\u00e3o, enfrentamos um golpe, o congelamento de investimentos em setores fundamentais, a aprova\u00e7\u00e3o de reformas que retiram direitos, entre outros retrocessos, que exige de n\u00f3s discutirmos a atual conjuntura e os impactos dessas transforma\u00e7\u00f5es para o conjunto da classe trabalhadora&#8221;, afirma o secret\u00e1rio-geral da CUT-SP, Jo\u00e3o Cayres, tamb\u00e9m coordenador da plen\u00e1ria.<\/p>\n<\/div>\n<p id=\"page-author\"><strong>Fonte: Rede Brasil Atual<\/strong><\/p>\n","protected":false},"excerpt":{"rendered":"<p>Central avalia conjuntura pol\u00edtica e a\u00e7\u00f5es contra o governo e por democracia. Entidade far\u00e1 congresso nacional extraordin\u00e1rio no final de agosto \u00a0 A Central \u00danica dos Trabalhadores (CUT) est\u00e1 realizando congressos estaduais, em car\u00e1ter extraordin\u00e1rio, para avaliar a conjuntura e discutir estrat\u00e9gias contra a retirada de direitos e a ofensiva do governo Temer. Em S\u00e3o [&hellip;]<\/p>\n","protected":false},"author":2,"featured_media":2686,"comment_status":"","ping_status":"","sticky":false,"template":"","format":"standard","meta":{"footnotes":""},"categories":[3],"tags":[],"class_list":["post-2687","post","type-post","status-publish","format-standard","has-post-thumbnail","hentry","category-noticias"],"_links":{"self":[{"href":"https:\/\/hostnetart.com.br\/baixada\/wp-json\/wp\/v2\/posts\/2687","targetHints":{"allow":["GET"]}}],"collection":[{"href":"https:\/\/hostnetart.com.br\/baixada\/wp-json\/wp\/v2\/posts"}],"about":[{"href":"https:\/\/hostnetart.com.br\/baixada\/wp-json\/wp\/v2\/types\/post"}],"author":[{"embeddable":true,"href":"https:\/\/hostnetart.com.br\/baixada\/wp-json\/wp\/v2\/users\/2"}],"replies":[{"embeddable":true,"href":"https:\/\/hostnetart.com.br\/baixada\/wp-json\/wp\/v2\/comments?post=2687"}],"version-history":[{"count":0,"href":"https:\/\/hostnetart.com.br\/baixada\/wp-json\/wp\/v2\/posts\/2687\/revisions"}],"wp:featuredmedia":[{"embeddable":true,"href":"https:\/\/hostnetart.com.br\/baixada\/wp-json\/wp\/v2\/media\/2686"}],"wp:attachment":[{"href":"https:\/\/hostnetart.com.br\/baixada\/wp-json\/wp\/v2\/media?parent=2687"}],"wp:term":[{"taxonomy":"category","embeddable":true,"href":"https:\/\/hostnetart.com.br\/baixada\/wp-json\/wp\/v2\/categories?post=2687"},{"taxonomy":"post_tag","embeddable":true,"href":"https:\/\/hostnetart.com.br\/baixada\/wp-json\/wp\/v2\/tags?post=2687"}],"curies":[{"name":"wp","href":"https:\/\/api.w.org\/{rel}","templated":true}]}}