{"id":2685,"date":"2017-07-21T13:57:06","date_gmt":"2017-07-21T16:57:06","guid":{"rendered":"https:\/\/hostnetart.com.br\/baixada\/reuniao-sobre-combate-ao-assedio-moral-termina-sem-respostas-plausiveis-para-trabalhadores\/"},"modified":"2017-07-21T13:57:06","modified_gmt":"2017-07-21T16:57:06","slug":"reuniao-sobre-combate-ao-assedio-moral-termina-sem-respostas-plausiveis-para-trabalhadores","status":"publish","type":"post","link":"https:\/\/hostnetart.com.br\/baixada\/reuniao-sobre-combate-ao-assedio-moral-termina-sem-respostas-plausiveis-para-trabalhadores\/","title":{"rendered":"Reuni\u00e3o sobre combate ao ass\u00e9dio moral termina sem respostas plaus\u00edveis para trabalhadores"},"content":{"rendered":"<h2><em>Bancos se recusam a estratificar casos de conflitos e diminuir tempo de apura\u00e7\u00e3o das den\u00fancias<\/em><\/h2>\n<p>\u00a0<\/p>\n<p>O Coletivo Nacional de Sa\u00fade do Trabalhador da Confedera\u00e7\u00e3o Nacional dos Trabalhadores do Ramo Financeiro (Contraf-CUT) se reuniu com a Federa\u00e7\u00e3o Nacional dos Bancos (Fenaban) na tarde de quinta-feira (20), para tratar da plena implementa\u00e7\u00e3o da clausula 58, que cria pol\u00edticas de aprimoramento e fortalecimento de combate ao ass\u00e9dio moral no ambiente de trabalho. O movimento sindical cobrou a\u00e7\u00f5es dos representantes dos bancos, que informaram n\u00e3o ter ainda como estratificar os casos e diminuir tempo de apura\u00e7\u00e3o das den\u00fancias.<\/p>\n<p>O instrumento, criado em 2010, prev\u00ea canais de den\u00fancias por parte dos sindicatos, que devem, antes de encaminhar aos bancos, fazer um tratamento do caso, certificando-se tratar realmente de ass\u00e9dio moral no trabalho, acompanhar todo o processo de apura\u00e7\u00e3o, dar retorno para a pessoa que denunciou e ter certeza que houve melhoria nas condi\u00e7\u00f5es e no processo de trabalho.<\/p>\n<p>A cada semestre a Contraf-CUT e a Fenaban fazem uma avalia\u00e7\u00e3o do instrumento e os dados s\u00e3o apresentados e debatidos.<\/p>\n<p>Como nas reuni\u00f5es anteriores, os banc\u00e1rios reivindicaram a redu\u00e7\u00e3o do prazo de apura\u00e7\u00e3o dos atuais 45 dias para 30 dias; a estratifica\u00e7\u00e3o dos casos que transitaram pelo instrumento; e a cria\u00e7\u00e3o de crit\u00e9rios de apura\u00e7\u00e3o a serem utilizados pelos bancos para determinar se uma den\u00fancia \u00e9 procedente ou improcedente.<\/p>\n<p>\u201cS\u00f3 conseguiremos trabalhar na preven\u00e7\u00e3o de conflitos se conhecermos as causas. Temos de insistir nesse item. Incluir a cl\u00e1usula na conven\u00e7\u00e3o foi o primeiro passo, agora temos de implement\u00e1-la efetivamente\u201d, explicou Walcir Previtale, secret\u00e1rio de Sa\u00fade do Trabalhador da Contraf-CUT.<\/p>\n<p>A Fenaban apresentou dados estat\u00edsticos de 2011 a 2017, que comprovam um n\u00famero crescente de den\u00fancias procedentes no per\u00edodo, por\u00e9m, informou que ainda n\u00e3o h\u00e1 possibilidade para a redu\u00e7\u00e3o do tempo de apura\u00e7\u00e3o das mesmas.<\/p>\n<p>Para Ros\u00e2ngela Lorenzetti, secret\u00e1ria de Sa\u00fade e Condi\u00e7\u00f5es de Trabalho da Federa\u00e7\u00e3o dos Banc\u00e1rios da CUT de S\u00e3o Paulo (Fetec-CUT\/SP), \u00e9 preciso aprimorar as pol\u00edticas de preven\u00e7\u00e3o. \u201cTemos urg\u00eancia nessas quest\u00f5es e insistimos na redu\u00e7\u00e3o do prazo para a apura\u00e7\u00e3o. As informa\u00e7\u00f5es que os bancos apresentam ainda n\u00e3o s\u00e3o plaus\u00edveis e estamos com uma expectativa para a pr\u00f3xima reuni\u00e3o para que a gente consiga obter respostas mais consistentes da postura e procedimentos dos bancos \u00e0s den\u00fancias\u201d.<\/p>\n<p>A Fenaban informou que far\u00e1 um levantamento das a\u00e7\u00f5es e que apresentar\u00e1 na pr\u00f3xima reuni\u00e3o, marcada para o dia 21 de setembro.<\/p>\n<p><strong>Fonte: Contraf-CUT<\/strong><\/p>\n","protected":false},"excerpt":{"rendered":"<p>Bancos se recusam a estratificar casos de conflitos e diminuir tempo de apura\u00e7\u00e3o das den\u00fancias \u00a0 O Coletivo Nacional de Sa\u00fade do Trabalhador da Confedera\u00e7\u00e3o Nacional dos Trabalhadores do Ramo Financeiro (Contraf-CUT) se reuniu com a Federa\u00e7\u00e3o Nacional dos Bancos (Fenaban) na tarde de quinta-feira (20), para tratar da plena implementa\u00e7\u00e3o da clausula 58, que [&hellip;]<\/p>\n","protected":false},"author":2,"featured_media":2684,"comment_status":"","ping_status":"","sticky":false,"template":"","format":"standard","meta":{"footnotes":""},"categories":[3],"tags":[],"class_list":["post-2685","post","type-post","status-publish","format-standard","has-post-thumbnail","hentry","category-noticias"],"_links":{"self":[{"href":"https:\/\/hostnetart.com.br\/baixada\/wp-json\/wp\/v2\/posts\/2685","targetHints":{"allow":["GET"]}}],"collection":[{"href":"https:\/\/hostnetart.com.br\/baixada\/wp-json\/wp\/v2\/posts"}],"about":[{"href":"https:\/\/hostnetart.com.br\/baixada\/wp-json\/wp\/v2\/types\/post"}],"author":[{"embeddable":true,"href":"https:\/\/hostnetart.com.br\/baixada\/wp-json\/wp\/v2\/users\/2"}],"replies":[{"embeddable":true,"href":"https:\/\/hostnetart.com.br\/baixada\/wp-json\/wp\/v2\/comments?post=2685"}],"version-history":[{"count":0,"href":"https:\/\/hostnetart.com.br\/baixada\/wp-json\/wp\/v2\/posts\/2685\/revisions"}],"wp:featuredmedia":[{"embeddable":true,"href":"https:\/\/hostnetart.com.br\/baixada\/wp-json\/wp\/v2\/media\/2684"}],"wp:attachment":[{"href":"https:\/\/hostnetart.com.br\/baixada\/wp-json\/wp\/v2\/media?parent=2685"}],"wp:term":[{"taxonomy":"category","embeddable":true,"href":"https:\/\/hostnetart.com.br\/baixada\/wp-json\/wp\/v2\/categories?post=2685"},{"taxonomy":"post_tag","embeddable":true,"href":"https:\/\/hostnetart.com.br\/baixada\/wp-json\/wp\/v2\/tags?post=2685"}],"curies":[{"name":"wp","href":"https:\/\/api.w.org\/{rel}","templated":true}]}}