{"id":2683,"date":"2017-07-21T13:52:03","date_gmt":"2017-07-21T16:52:03","guid":{"rendered":"https:\/\/hostnetart.com.br\/baixada\/contraf-cut-e-coe-debatem-pontos-da-pdve-com-o-bradesco\/"},"modified":"2017-07-21T13:52:03","modified_gmt":"2017-07-21T16:52:03","slug":"contraf-cut-e-coe-debatem-pontos-da-pdve-com-o-bradesco","status":"publish","type":"post","link":"https:\/\/hostnetart.com.br\/baixada\/contraf-cut-e-coe-debatem-pontos-da-pdve-com-o-bradesco\/","title":{"rendered":"Contraf-CUT e COE debatem pontos da PDVE com o Bradesco"},"content":{"rendered":"<h2><strong>\u200bTrabalhadores devem ter aten\u00e7\u00e3o ao se decidir pela ades\u00e3o; ades\u00e3o ap\u00f3s 2 de agosto garante PLR proporcional de 2017<\/strong><\/h2>\n<p>A Confedera\u00e7\u00e3o dos Trabalhadores do Ramo Financeiro (Contraf-CUT) e Comiss\u00e3o de Organiza\u00e7\u00e3o dos Empregados (COE) do Bradesco se reuniram nesta quinta-feira (20) com o departamento de Recursos Humanos do Bradesco para registrar as posi\u00e7\u00f5es do movimento e sanar d\u00favidas dos banc\u00e1rios sobre o Plano de Desligamento Volunt\u00e1rio Especial (PDVE), lan\u00e7ado pelo banco no dia 13 de julho, mesma data em que o presidente Temer sancionou a reforma trabalhista, que havia sido aprovada dois dias antes pelo Senado.<\/p>\n<p>Todos os aposentados ou em condi\u00e7\u00f5es de aposentar at\u00e9 o dia 31\/08\/2017, tanto da rede de ag\u00eancias quanto dos departamentos podem aderir ao plano. \u00c0queles que s\u00e3o lotados em departamentos ou gerencias regionais basta ter 10 anos ou mais de trabalho.<\/p>\n<p>No entendimento do movimento sindical esse PDVE s\u00f3 est\u00e1 acontecendo porque o Brasil sofreu um golpe que visa atacar os direitos sociais e trabalhistas e que levou ao aprofundamento da crise econ\u00f4mica. \u201cEstamos h\u00e1 dois anos com uma economia em recess\u00e3o e com uma pol\u00edtica que em vez de gerar desenvolvimento econ\u00f4mico e cria\u00e7\u00e3o de emprego s\u00f3 aprofunda a recess\u00e3o\u201d, observou Juvandia Moreira, vice-presidenta da Contraf-CUT, que \u00e9 funcion\u00e1ria do Bradesco e representou a Confedera\u00e7\u00e3o na reuni\u00e3o.<\/p>\n<p>Juvandia explicou que os sindicatos defendem os empregos, n\u00e3o as demiss\u00f5es, sejam elas em planos de demiss\u00e3o volunt\u00e1ria ou n\u00e3o e que os banc\u00e1rios n\u00e3o podem ser pressionados ou obrigados a aderir ao PDVE.<\/p>\n<p><strong>Precariza\u00e7\u00e3o<\/strong><br \/>O coordenador da COE do Bradesco, Gheorge Vitti, deixou clara a preocupa\u00e7\u00e3o da categoria com a possibilidade de precariza\u00e7\u00e3o do trabalho. \u201cO banco abriu um processo de demiss\u00e3o volunt\u00e1ria que pode reduzir drasticamente seu quadro de funcion\u00e1rios. Mas, todos os locais de trabalho que visitamos constatamos a falta de pessoal. Essa redu\u00e7\u00e3o vai sobrecarregar ainda mais os funcion\u00e1rios que permanecerem trabalhando\u201d, observou o dirigente. \u201cPerguntamos ao banco se vai haver reposi\u00e7\u00e3o do quadro e de que forma a mesma se dar\u00e1. N\u00e3o aceitaremos que o banco demita banc\u00e1rios para contratar trabalhadores terceirizados. Isso gera precariza\u00e7\u00e3o do trabalho, dos sal\u00e1rios e dos direitos\u201d, completou o Vitti.<\/p>\n<p>A Contraf-CUT e a COE cobraram uma reuni\u00e3o com o banco para discutir as mudan\u00e7as na legisla\u00e7\u00e3o trabalhista. Os representantes dos trabalhadores solicitaram que seja concedido o direito de ades\u00e3o ao PDVE aos banc\u00e1rios que foram demitidos ou pediram para sair dias antes do lan\u00e7amento do plano e fazem parte do p\u00fablico-alvo. O Bradesco ficou de analisar a proposta e responder \u00e0 Contraf-CUT o mais breve poss\u00edvel.<\/p>\n<p>Outra informa\u00e7\u00e3o adicional solicitada \u00e9 com rela\u00e7\u00e3o ao anunciado fechamento de ag\u00eancias no pa\u00eds. Os representantes dos trabalhadores querem saber quantas s\u00e3o no total, se s\u00e3o s\u00f3 as anunciadas e o que ocorrer\u00e1 com esses funcion\u00e1rios das unidades fechadas.<\/p>\n<p><strong>Tempo da ades\u00e3o<\/strong><br \/>A Contraf-CUT e os sindicatos n\u00e3o interferem na decis\u00e3o individual de cada trabalhador. A ades\u00e3o \u00e9 volunt\u00e1ria. Apenas instrui que a ades\u00e3o seja tomada com muito cuidado e que o funcion\u00e1rio leve em conta que, se decidir pela ades\u00e3o, que fa\u00e7a isso ap\u00f3s o dia 2 de agosto, para garantir o recebimento da PLR deste ano, conforme estipulado na Conven\u00e7\u00e3o Coletiva de Trabalho (CCT) da categoria. Ap\u00f3s a ades\u00e3o, o banc\u00e1rio ter\u00e1 at\u00e9 cinco dias para desistir.<\/p>\n<p>Os trabalhadores solicitaram que o pr\u00f3prio banco emita um comunicado para o p\u00fablico eleg\u00edvel informando que quem aderir ap\u00f3s dia 02\/08\/2017 ter\u00e1 direito \u00e0 PLR proporcional, assim como quem j\u00e1 aderiu pode desistir at\u00e9 5 dias e aderir novamente ap\u00f3s essa o dia 2 de agosto.<\/p>\n<p><strong>Outros pontos debatidos<\/strong><br \/>Foi solicitado e o banco aceitou que nenhum banc\u00e1rio que fa\u00e7a parte do p\u00fablico-alvo seja demitido nesse per\u00edodo, at\u00e9 31\/08\/2017. Os sindicalistas pediram que a n\u00e3o-demiss\u00e3o seja estendida aos demais funcion\u00e1rios pelo mesmo per\u00edodo ou at\u00e9 que seja discutido o centro de realoca\u00e7\u00e3o e requalifica\u00e7\u00e3o previsto na cl\u00e1usula 62 da CCT.<\/p>\n<p>Sobre as verbas do PDVE (de 0,6 a 12 sal\u00e1rios), trata-se de verba indenizat\u00f3ria, sem incid\u00eancia de encargos. Mas, conforme disposto em lei, como se trata de PDVE, o banc\u00e1rio que aderir n\u00e3o ter\u00e1 direito a receber o seguro-desemprego.<\/p>\n<p><strong>Plano de sa\u00fade<\/strong><br \/>O plano de sa\u00fade ser\u00e1 mantido por at\u00e9 18 meses ap\u00f3s a demiss\u00e3o ser efetivada aos funcion\u00e1rios que fizeram a ades\u00e3o. Conforme previsto no regulamento do PDVE que pode ser acessado pela intranet do banco.<\/p>\n<p><em>Fonte: Contraf-CUT<\/em><\/p>\n","protected":false},"excerpt":{"rendered":"<p>\u200bTrabalhadores devem ter aten\u00e7\u00e3o ao se decidir pela ades\u00e3o; ades\u00e3o ap\u00f3s 2 de agosto garante PLR proporcional de 2017 A Confedera\u00e7\u00e3o dos Trabalhadores do Ramo Financeiro (Contraf-CUT) e Comiss\u00e3o de Organiza\u00e7\u00e3o dos Empregados (COE) do Bradesco se reuniram nesta quinta-feira (20) com o departamento de Recursos Humanos do Bradesco para registrar as posi\u00e7\u00f5es do movimento [&hellip;]<\/p>\n","protected":false},"author":2,"featured_media":2682,"comment_status":"","ping_status":"","sticky":false,"template":"","format":"standard","meta":{"footnotes":""},"categories":[3],"tags":[],"class_list":["post-2683","post","type-post","status-publish","format-standard","has-post-thumbnail","hentry","category-noticias"],"_links":{"self":[{"href":"https:\/\/hostnetart.com.br\/baixada\/wp-json\/wp\/v2\/posts\/2683","targetHints":{"allow":["GET"]}}],"collection":[{"href":"https:\/\/hostnetart.com.br\/baixada\/wp-json\/wp\/v2\/posts"}],"about":[{"href":"https:\/\/hostnetart.com.br\/baixada\/wp-json\/wp\/v2\/types\/post"}],"author":[{"embeddable":true,"href":"https:\/\/hostnetart.com.br\/baixada\/wp-json\/wp\/v2\/users\/2"}],"replies":[{"embeddable":true,"href":"https:\/\/hostnetart.com.br\/baixada\/wp-json\/wp\/v2\/comments?post=2683"}],"version-history":[{"count":0,"href":"https:\/\/hostnetart.com.br\/baixada\/wp-json\/wp\/v2\/posts\/2683\/revisions"}],"wp:featuredmedia":[{"embeddable":true,"href":"https:\/\/hostnetart.com.br\/baixada\/wp-json\/wp\/v2\/media\/2682"}],"wp:attachment":[{"href":"https:\/\/hostnetart.com.br\/baixada\/wp-json\/wp\/v2\/media?parent=2683"}],"wp:term":[{"taxonomy":"category","embeddable":true,"href":"https:\/\/hostnetart.com.br\/baixada\/wp-json\/wp\/v2\/categories?post=2683"},{"taxonomy":"post_tag","embeddable":true,"href":"https:\/\/hostnetart.com.br\/baixada\/wp-json\/wp\/v2\/tags?post=2683"}],"curies":[{"name":"wp","href":"https:\/\/api.w.org\/{rel}","templated":true}]}}