{"id":2681,"date":"2017-07-20T15:34:53","date_gmt":"2017-07-20T18:34:53","guid":{"rendered":"https:\/\/hostnetart.com.br\/baixada\/gt-de-saude-do-itau-se-reune-com-banco-para-debater-programa-de-retorno-ao-trabalho-readaptacao\/"},"modified":"2017-07-20T15:34:53","modified_gmt":"2017-07-20T18:34:53","slug":"gt-de-saude-do-itau-se-reune-com-banco-para-debater-programa-de-retorno-ao-trabalho-readaptacao","status":"publish","type":"post","link":"https:\/\/hostnetart.com.br\/baixada\/gt-de-saude-do-itau-se-reune-com-banco-para-debater-programa-de-retorno-ao-trabalho-readaptacao\/","title":{"rendered":"GT de Sa\u00fade do Ita\u00fa se re\u00fane com banco para debater Programa de Retorno ao Trabalho\/Readapta\u00e7\u00e3o"},"content":{"rendered":"<p>O GT de Sa\u00fade e Condi\u00e7\u00f5es de Trabalho do Ita\u00fa-Unibanco se reuniu, nesta quarta-feira (18), com o Banco Ita\u00fa-Unibanco para tratar dos assuntos pendentes da \u00faltima reuni\u00e3o dentre os quais se encontram a resposta as reivindica\u00e7\u00f5es\u00a0 do movimento sobre o Programa de Retorno ao Trabalho\/Readapta\u00e7\u00e3o. Na reuni\u00e3o, o banco entregou um documento com essa resposta,\u00a0 que ser\u00e1 avaliado pelos representantes dos trabalhadores. <\/p>\n<p>Dentre as propostas, est\u00e1 um dos principais problemas do Programa de Readapta\u00e7\u00e3o, institu\u00eddo pelo banco, que \u00e9 a n\u00e3o participa\u00e7\u00e3o do movimento sindical.<\/p>\n<p><strong>CAT<\/strong><br \/>O movimento sindical avaliou que quase n\u00e3o existe emiss\u00e3o de CAT pelo banco. Por isso, solicitou o fluxo de CATs de 2016 e 2017 ao banco. Ap\u00f3s a entrega do documento, o GT solicitou a estratifica\u00e7\u00e3o dos dados por tipo e CID. <br \/>\u201cEssa discuss\u00e3o foi feita porque a CAT \u00e9 um importante instrumento para comprovar o acidente de trabalho, e o que n\u00f3s vemos \u00e9 que o n\u00famero de CATs que o banco emite \u00e9 muito pequeno em compara\u00e7\u00e3o ao adoecimento da categoria\u201d, afirma Jair Alves, coordenador da COE do Ita\u00fa.<\/p>\n<p><strong>Prontu\u00e1rio M\u00e9dico<\/strong><br \/>O GT reivindicou ao banco a entrega do prontu\u00e1rio m\u00e9dico, que \u00e9 direito dos trabalhadores.\u00a0 Tamb\u00e9m foram colocadas em quest\u00e3o den\u00fancias de m\u00e9dicos que se recusaram a entreg\u00e1-lo. Devido as denuncias o banco\u00a0 informou que ser\u00e1 respons\u00e1vel pela emiss\u00e3o do prontu\u00e1rio via correio para o trabalhador que solicitar. <\/p>\n<p><strong>Cl\u00ednicas credenciadas<\/strong><br \/>O movimento sindical denunciou irregularidades dos prestadores e dos m\u00e9dicos de clinicas credenciadas sobre a omiss\u00e3o da emiss\u00e3o da ASO, informa\u00e7\u00f5es incorretas, entre outros. <br \/>O banco informou que se constatar a veracidade das den\u00fancias poder\u00e1 descredenciar\u00a0 cl\u00ednicas , conforme caso ocorrido no Paran\u00e1. De acordo com o Ita\u00fa, o trabalhador poder\u00e1 denunciar de forma an\u00f4nima esse tipo de irregularidade.<br \/>\u201cNo RJ, o banco contratou a Federa\u00e7\u00e3o das Ind\u00fastrias do Rio de Janeiro (FIRJAN), o que ocasiona diversos transtornos ao trabalhador, tanto na falta de autonomia dos m\u00e9dicos que atendem quanto no desconhecimento do ambiente de trabalho por parte dos m\u00e9dicos\u201d, comenta Jo Ara\u00fajo, dirigente da FetrafRJ\/ES. <br \/>Por fim, o encontro deixou claro para o Ita\u00fa que o movimento sindical continua encontrando problemas em rela\u00e7\u00e3o ao processo de afastamento\/licenciamento dos trabalhadores que atualmente se encontra na m\u00e3o dos gestores. \u201cO gestor n\u00e3o \u00e9 treinado para efetuar esse processo e al\u00e9m disso o trabalhador tamb\u00e9m n\u00e3o tem como acompanhar o que diz respeito a sua vida profissional\u201d, explica Adma Gomes diretora da\u00a0 Fetec -SP e Coordenadora do GT.<\/p>\n<p>O GT e a COE ir\u00e3o avaliar o documento entregue pelo banco com respostas \u00e0s reivindica\u00e7\u00f5es.<\/p>\n","protected":false},"excerpt":{"rendered":"<p>O GT de Sa\u00fade e Condi\u00e7\u00f5es de Trabalho do Ita\u00fa-Unibanco se reuniu, nesta quarta-feira (18), com o Banco Ita\u00fa-Unibanco para tratar dos assuntos pendentes da \u00faltima reuni\u00e3o dentre os quais se encontram a resposta as reivindica\u00e7\u00f5es\u00a0 do movimento sobre o Programa de Retorno ao Trabalho\/Readapta\u00e7\u00e3o. Na reuni\u00e3o, o banco entregou um documento com essa resposta,\u00a0 [&hellip;]<\/p>\n","protected":false},"author":2,"featured_media":2680,"comment_status":"","ping_status":"","sticky":false,"template":"","format":"standard","meta":{"footnotes":""},"categories":[3],"tags":[],"class_list":["post-2681","post","type-post","status-publish","format-standard","has-post-thumbnail","hentry","category-noticias"],"_links":{"self":[{"href":"https:\/\/hostnetart.com.br\/baixada\/wp-json\/wp\/v2\/posts\/2681","targetHints":{"allow":["GET"]}}],"collection":[{"href":"https:\/\/hostnetart.com.br\/baixada\/wp-json\/wp\/v2\/posts"}],"about":[{"href":"https:\/\/hostnetart.com.br\/baixada\/wp-json\/wp\/v2\/types\/post"}],"author":[{"embeddable":true,"href":"https:\/\/hostnetart.com.br\/baixada\/wp-json\/wp\/v2\/users\/2"}],"replies":[{"embeddable":true,"href":"https:\/\/hostnetart.com.br\/baixada\/wp-json\/wp\/v2\/comments?post=2681"}],"version-history":[{"count":0,"href":"https:\/\/hostnetart.com.br\/baixada\/wp-json\/wp\/v2\/posts\/2681\/revisions"}],"wp:featuredmedia":[{"embeddable":true,"href":"https:\/\/hostnetart.com.br\/baixada\/wp-json\/wp\/v2\/media\/2680"}],"wp:attachment":[{"href":"https:\/\/hostnetart.com.br\/baixada\/wp-json\/wp\/v2\/media?parent=2681"}],"wp:term":[{"taxonomy":"category","embeddable":true,"href":"https:\/\/hostnetart.com.br\/baixada\/wp-json\/wp\/v2\/categories?post=2681"},{"taxonomy":"post_tag","embeddable":true,"href":"https:\/\/hostnetart.com.br\/baixada\/wp-json\/wp\/v2\/tags?post=2681"}],"curies":[{"name":"wp","href":"https:\/\/api.w.org\/{rel}","templated":true}]}}