{"id":2669,"date":"2017-07-19T17:59:47","date_gmt":"2017-07-19T20:59:47","guid":{"rendered":"https:\/\/hostnetart.com.br\/baixada\/santaderprevi-realizara-eleicoes-democraticas-pela-primeira-vez\/"},"modified":"2017-07-19T17:59:47","modified_gmt":"2017-07-19T20:59:47","slug":"santaderprevi-realizara-eleicoes-democraticas-pela-primeira-vez","status":"publish","type":"post","link":"https:\/\/hostnetart.com.br\/baixada\/santaderprevi-realizara-eleicoes-democraticas-pela-primeira-vez\/","title":{"rendered":"SantaderPrevi realizar\u00e1 elei\u00e7\u00f5es democr\u00e1ticas pela primeira vez"},"content":{"rendered":"<p>Ap\u00f3s quase 10 anos de muita mobiliza\u00e7\u00e3o dos trabalhadores banc\u00e1rios, finalmente o Santander aceitou realizar elei\u00e7\u00f5es democr\u00e1ticas e transparentes para o conselho do SantanderPrevi. O fundo de pens\u00e3o dos funcion\u00e1rios oriundos do Banco Real sempre foi gerido pelo banco e recentemente apresentou rombo milion\u00e1rio que gerou perdas consider\u00e1veis aos participantes.<\/p>\n<p>Os banc\u00e1rios eleger\u00e3o seus representantes entre 28 de julho e 3 de agosto. A Contraf-CUT apoia e indica o voto em Patr\u00edcia Bassanin Delgado para o conselho Fiscal e Orlando Puccetti Junior para o conselho Deliberativo (veja propostas abaixo).<\/p>\n<p>Patricia ingressou na carreira banc\u00e1ria em 1991, no banco Am\u00e9rica do Sul, adquirido pelo Sudameris, comprado pelo Banco Real, que foi englobado pelo Santander. Ela ocupou os cargos de escritur\u00e1ria e assistente comercial. Entrou no meio sindical em 1996, atuando por duas gest\u00f5es como conselheira fiscal do Sindicato dos Banc\u00e1rios de Campinas e Regi\u00e3o. \u00c9 atualmente diretora de patrim\u00f4nio da entidade.<\/p>\n<p>Formado em administra\u00e7\u00e3o de Empresas, Orlando tem 46 anos de experi\u00eancia como banc\u00e1rio. Ingressou no Banco Sudameris. Exerceu diversos cargos de ger\u00eancia tanto em ag\u00eancias como em departamentos da Dire\u00e7\u00e3o Central. Foi dirigente do Sindicato dos Banc\u00e1rios do ABC e hoje est\u00e1 aposentado.<\/p>\n<p>E por que votar nestes nomes apoiados pelo Sindicato? O Santander inscreveu dois candidatos que ocupam o alto escal\u00e3o do banco para concorrer. \u201cSe houver um eventual conflito de interesses entre o Santander e os trabalhadores, quem esses indicados ir\u00e3o defender? Claro que os do banco\u201d, explica Camilo Fernandes, presidente da Associa\u00e7\u00e3o dos Funcion\u00e1rios do Grupo Santander Banespa, Banesprev e Cabesp (Afubesp).<\/p>\n<p>Nas gest\u00f5es anteriores, todos os conselheiros que deveriam representar os interesses dos trabalhadores foram indicados pelo banco, o que inclusive causou a judicializa\u00e7\u00e3o por aus\u00eancia de processos eleitorais.<\/p>\n<p>Recentemente, representantes dos participantes denunciaram o SantanderPrevi \u00e0 Previc (Superintend\u00eancia Nacional de Previd\u00eancia Complementar) por preju\u00edzo estimado em R$ 36 milh\u00f5es imposto aos participantes da carteira Moderado sem a\u00e7\u00f5es, decorrente de compra e venda de t\u00edtulos decidida por administradores indicados pelo banco. Por isso, eles foram autuados pela Previc com multa individual de R$ 53 mil.<\/p>\n<p>Trabalhadores da ativa sofreram com diminui\u00e7\u00e3o de suas reservas em at\u00e9 20%. Por conta do rombo causado, as aposentadorias sofreram severa defla\u00e7\u00e3o.<\/p>\n<p>No ano passado, o Minist\u00e9rio P\u00fablico instaurou inqu\u00e9rito para investigar irregularidades no fundo de pens\u00e3o. Na decis\u00e3o, o MPF menciona falhas de dirigentes em rela\u00e7\u00e3o \u00e0 governan\u00e7a, exercida sem transpar\u00eancia e m\u00e1 gest\u00e3o dos recursos dos participantes e assistidos.<\/p>\n<p>\u201cO dinheiro do fundo pertence aos trabalhadores e deve ser gerido por eles\u201d, enfatiza Camilo. \u201cPor isso \u00e9 muito importante eleger conselheiros que tenham comprometimento com os funcion\u00e1rios e que os representem de fato\u201d, alerta o dirigente.<\/p>\n<p>A vota\u00e7\u00e3o ser\u00e1 feita diretamente pelo site www.santanderprevi.com.br. O voto n\u00e3o poder\u00e1 ser identificado. Os funcion\u00e1rios ativos que participam do plano tamb\u00e9m podem acessar diretamente a \u00e1rea restrita do site via link dispon\u00edvel no Portal RH do empregador, na p\u00e1gina da SantanderPrevi.<\/p>\n<p><em>Fonte: SPBanc\u00e1rios<\/em><\/p>\n","protected":false},"excerpt":{"rendered":"<p>Ap\u00f3s quase 10 anos de muita mobiliza\u00e7\u00e3o dos trabalhadores banc\u00e1rios, finalmente o Santander aceitou realizar elei\u00e7\u00f5es democr\u00e1ticas e transparentes para o conselho do SantanderPrevi. O fundo de pens\u00e3o dos funcion\u00e1rios oriundos do Banco Real sempre foi gerido pelo banco e recentemente apresentou rombo milion\u00e1rio que gerou perdas consider\u00e1veis aos participantes. Os banc\u00e1rios eleger\u00e3o seus representantes [&hellip;]<\/p>\n","protected":false},"author":2,"featured_media":2668,"comment_status":"","ping_status":"","sticky":false,"template":"","format":"standard","meta":{"footnotes":""},"categories":[3],"tags":[],"class_list":["post-2669","post","type-post","status-publish","format-standard","has-post-thumbnail","hentry","category-noticias"],"_links":{"self":[{"href":"https:\/\/hostnetart.com.br\/baixada\/wp-json\/wp\/v2\/posts\/2669","targetHints":{"allow":["GET"]}}],"collection":[{"href":"https:\/\/hostnetart.com.br\/baixada\/wp-json\/wp\/v2\/posts"}],"about":[{"href":"https:\/\/hostnetart.com.br\/baixada\/wp-json\/wp\/v2\/types\/post"}],"author":[{"embeddable":true,"href":"https:\/\/hostnetart.com.br\/baixada\/wp-json\/wp\/v2\/users\/2"}],"replies":[{"embeddable":true,"href":"https:\/\/hostnetart.com.br\/baixada\/wp-json\/wp\/v2\/comments?post=2669"}],"version-history":[{"count":0,"href":"https:\/\/hostnetart.com.br\/baixada\/wp-json\/wp\/v2\/posts\/2669\/revisions"}],"wp:featuredmedia":[{"embeddable":true,"href":"https:\/\/hostnetart.com.br\/baixada\/wp-json\/wp\/v2\/media\/2668"}],"wp:attachment":[{"href":"https:\/\/hostnetart.com.br\/baixada\/wp-json\/wp\/v2\/media?parent=2669"}],"wp:term":[{"taxonomy":"category","embeddable":true,"href":"https:\/\/hostnetart.com.br\/baixada\/wp-json\/wp\/v2\/categories?post=2669"},{"taxonomy":"post_tag","embeddable":true,"href":"https:\/\/hostnetart.com.br\/baixada\/wp-json\/wp\/v2\/tags?post=2669"}],"curies":[{"name":"wp","href":"https:\/\/api.w.org\/{rel}","templated":true}]}}