{"id":2667,"date":"2017-07-19T17:57:00","date_gmt":"2017-07-19T20:57:00","guid":{"rendered":"https:\/\/hostnetart.com.br\/baixada\/razoes-para-nao-fazer-o-resgate-na-funcef\/"},"modified":"2017-07-19T17:57:00","modified_gmt":"2017-07-19T20:57:00","slug":"razoes-para-nao-fazer-o-resgate-na-funcef","status":"publish","type":"post","link":"https:\/\/hostnetart.com.br\/baixada\/razoes-para-nao-fazer-o-resgate-na-funcef\/","title":{"rendered":"Raz\u00f5es para n\u00e3o fazer o resgate na Funcef"},"content":{"rendered":"<p><em>Com o novo PDVE da Caixa, entenda porque n\u00e3o vale a pena abrir m\u00e3o do benef\u00edcio vital\u00edcio, ainda mais se as condi\u00e7\u00f5es do seu plano n\u00e3o forem vantajosas<\/em><\/p>\n<p>\u00a0<\/p>\n<p>A Caixa acaba de relan\u00e7ar o Plano de Demiss\u00e3o Volunt\u00e1ria Extraordin\u00e1ria (PDVE) e novamente os empregados est\u00e3o em d\u00favida sobre o que fazer com os recursos acumulados na Funcef. Os participantes do REB, em especial, devem ter cuidado, pois o regulamento do plano n\u00e3o \u00e9 nada favor\u00e1vel para quem deseja resgatar. J\u00e1 no Novo Plano, o resgate se estende a todo o saldo de conta, inclusive o montante de contribui\u00e7\u00f5es da patrocinadora. Ainda assim, o benef\u00edcio vital\u00edcio continua sendo o melhor neg\u00f3cio.<\/p>\n<p>No dia 17 de mar\u00e7o, a Fenae enviou of\u00edcio \u00e0 Funcef reiterando a demanda pela incorpora\u00e7\u00e3o do REB ao Novo Plano. O objetivo da proposta \u00e9 eliminar a desigualdade de benef\u00edcios entre os participantes do fundo de pens\u00e3o. O REB foi concebido em 1998 com direitos e benef\u00edcios reduzidos. Em decorr\u00eancia disso, durante o per\u00edodo em que permaneceu aberto a ades\u00f5es, a Funcef apresentou baixa penetra\u00e7\u00e3o junto \u00e0 categoria. \u201cCerca de \u00bc dos empregados da Caixa n\u00e3o estava na Funcef dada a baixa atratividade do plano. Gra\u00e7as \u00e0 mobiliza\u00e7\u00e3o do movimento associativo e sindical, a Funcef criou, em 2006, o Novo Plano, com mais benef\u00edcios\u201d, explica a diretora de Sa\u00fade e Previd\u00eancia da Fenae, Fabiana Matheus.<\/p>\n<p>Confira as dicas que preparamos sobre as condi\u00e7\u00f5es de resgate na Funcef:<\/p>\n<p><strong>1) Resgatar \u00e9 jogar dinheiro fora<\/strong><br \/>Conforme o artigo 75 do regulamento do Novo Plano, o resgate contempla o saldo total de conta, ou seja, tudo aquilo que foi acumulado de contribui\u00e7\u00f5es do participante e da patrocinadora, exceto valores oriundos de portabilidade de outros planos.<\/p>\n<p>Entre os planos administrados pela Funcef, o REB \u00e9 o que oferece as piores condi\u00e7\u00f5es para quem deseja o resgate. De acordo com o regulamento do REB, no artigo 37, os participantes podem sacar 100% das reservas acumuladas a partir de suas contribui\u00e7\u00f5es, por\u00e9m, dos recursos provenientes das contribui\u00e7\u00f5es da patrocinadora, o resgate permitido \u00e9 de at\u00e9 20%. Sendo assim, na melhor das hip\u00f3teses, 4\/5 da reserva da patrocinadora ficar\u00e3o l\u00e1 no plano e o participante ir\u00e1 perder o equivalente a 40% de todo o recurso ao qual poder\u00e1 ter\u00e1 direito quando tiver direito ao benef\u00edcio vital\u00edcio.<\/p>\n<p>Vale lembrar que, al\u00e9m de tudo, ao resgatar, o participante sempre sofrer\u00e1 com o desconto do Imposto de Renda.<\/p>\n<p><strong>2) Nem todos ter\u00e3o direito aos 20% da parte da patrocinadora<\/strong><br \/>Muito se fala que os participantes do REB que decidirem resgatar s\u00f3 ter\u00e3o direito a 20% do montante acumulado das contribui\u00e7\u00f5es da patrocinadora. Mas n\u00e3o \u00e9 bem assim. A parcela da subconta patrocinadora s\u00f3 pode ser resgatada em fun\u00e7\u00e3o do tempo de associa\u00e7\u00e3o \u00e0 Funcef conforme os crit\u00e9rios abaixo:<\/p>\n<p>\u2022\u00a0\u00a0\u00a0 At\u00e9 10 anos e 364 dias: 5%<br \/>\u2022\u00a0\u00a0\u00a0 De 11 anos a 15 anos e 364dias: 10%<br \/>\u2022\u00a0\u00a0\u00a0 De 16 anos a 20 anos e 364 dias: 15%<br \/>\u2022\u00a0\u00a0\u00a0 A partir de 21 anos: 20%<\/p>\n<p>Os participantes que estavam vinculados anteriormente ao REG\/Replan (institu\u00eddo em 1977) e migraram para o REB, poder\u00e3o cumprir os requisitos para o saque dos 20%, dependendo do tempo de associa\u00e7\u00e3o. Por\u00e9m, como o REB foi institu\u00eddo em 1998, nenhum dos participantes que j\u00e1 ingressaram a partir daquele ano poder\u00e1 contar com o percentual m\u00e1ximo de resgate. Os admitidos at\u00e9 13\/06\/2006 acabar\u00e3o tendo direito a percentuais menores.<\/p>\n<p><strong>3) Voc\u00ea tem a op\u00e7\u00e3o de aguardar pelo benef\u00edcio vital\u00edcio<\/strong><br \/>Sempre vale refletir sobre a possibilidade de manter esse dinheiro guardado na Funcef e esperar a aposentadoria para converter o recurso em benef\u00edcio vital\u00edcio. Ainda que o montante seja pequeno, o benef\u00edcio vital\u00edcio \u00e9 uma aposta a favor do participante. Mesmo que a expectativa de vida do assistido seja superada, a Funda\u00e7\u00e3o ter\u00e1 que honrar o pagamento, garantia que ningu\u00e9m tira.<\/p>\n<p><strong>4) Voc\u00ea pode continuar contribuindo e ter um benef\u00edcio maior no futuro<\/strong><br \/>Quem pensa em manter os recursos na Funcef tem duas op\u00e7\u00f5es: parar de contribuir e aguardar a aposentadoria para converter as reservas em benef\u00edcio vital\u00edcio; ou continuar contribuindo para, na qualidade de participante autopatrocinado, ampliando sua reserva e, consequentemente, o valor do benef\u00edcio vital\u00edcio que receber\u00e1 no futuro. Neste caso, o participante tem que assumir sua parcela e a da patrocinadora.<\/p>\n<p><strong>5) Com a portabilidade, voc\u00ea pode perder liquidez e rentabilidade<\/strong><br \/>A legisla\u00e7\u00e3o garante o direito \u00e0 portabilidade, op\u00e7\u00e3o que obedece a regras que o trabalhador deve observar atentamente. Se, por um lado, o recurso acumulado, inclusive da parte da patrocinadora, \u00e9 pass\u00edvel de portabilidade em sua totalidade e n\u00e3o tem desconto do Imposto de Renda, seja qual for o plano, por sua vez, os recursos portados n\u00e3o poder\u00e3o ser sacados no futuro e s\u00f3 ser\u00e3o acessados como benef\u00edcio na aposentadoria.<\/p>\n<p>Al\u00e9m disso, levar as reservas para um plano de previd\u00eancia privada aberta s\u00f3 trar\u00e1 preju\u00edzo. Primeiro porque bancos e seguradoras t\u00eam fins lucrativos, ao contr\u00e1rio das funda\u00e7\u00f5es. Segundo porque as taxas cobradas na previd\u00eancia aberta s\u00e3o muito maiores. No final, sua reserva ficar\u00e1 menor e o valor do benef\u00edcio tamb\u00e9m.<\/p>\n<p><em>Fonte: Fenae<\/em><\/p>\n","protected":false},"excerpt":{"rendered":"<p>Com o novo PDVE da Caixa, entenda porque n\u00e3o vale a pena abrir m\u00e3o do benef\u00edcio vital\u00edcio, ainda mais se as condi\u00e7\u00f5es do seu plano n\u00e3o forem vantajosas \u00a0 A Caixa acaba de relan\u00e7ar o Plano de Demiss\u00e3o Volunt\u00e1ria Extraordin\u00e1ria (PDVE) e novamente os empregados est\u00e3o em d\u00favida sobre o que fazer com os recursos [&hellip;]<\/p>\n","protected":false},"author":2,"featured_media":2666,"comment_status":"","ping_status":"","sticky":false,"template":"","format":"standard","meta":{"footnotes":""},"categories":[3],"tags":[],"class_list":["post-2667","post","type-post","status-publish","format-standard","has-post-thumbnail","hentry","category-noticias"],"_links":{"self":[{"href":"https:\/\/hostnetart.com.br\/baixada\/wp-json\/wp\/v2\/posts\/2667","targetHints":{"allow":["GET"]}}],"collection":[{"href":"https:\/\/hostnetart.com.br\/baixada\/wp-json\/wp\/v2\/posts"}],"about":[{"href":"https:\/\/hostnetart.com.br\/baixada\/wp-json\/wp\/v2\/types\/post"}],"author":[{"embeddable":true,"href":"https:\/\/hostnetart.com.br\/baixada\/wp-json\/wp\/v2\/users\/2"}],"replies":[{"embeddable":true,"href":"https:\/\/hostnetart.com.br\/baixada\/wp-json\/wp\/v2\/comments?post=2667"}],"version-history":[{"count":0,"href":"https:\/\/hostnetart.com.br\/baixada\/wp-json\/wp\/v2\/posts\/2667\/revisions"}],"wp:featuredmedia":[{"embeddable":true,"href":"https:\/\/hostnetart.com.br\/baixada\/wp-json\/wp\/v2\/media\/2666"}],"wp:attachment":[{"href":"https:\/\/hostnetart.com.br\/baixada\/wp-json\/wp\/v2\/media?parent=2667"}],"wp:term":[{"taxonomy":"category","embeddable":true,"href":"https:\/\/hostnetart.com.br\/baixada\/wp-json\/wp\/v2\/categories?post=2667"},{"taxonomy":"post_tag","embeddable":true,"href":"https:\/\/hostnetart.com.br\/baixada\/wp-json\/wp\/v2\/tags?post=2667"}],"curies":[{"name":"wp","href":"https:\/\/api.w.org\/{rel}","templated":true}]}}