{"id":2665,"date":"2017-07-19T17:53:51","date_gmt":"2017-07-19T20:53:51","guid":{"rendered":"https:\/\/hostnetart.com.br\/baixada\/acordo-sobre-centros-de-realocacao-esta-proximo\/"},"modified":"2017-07-19T17:53:51","modified_gmt":"2017-07-19T20:53:51","slug":"acordo-sobre-centros-de-realocacao-esta-proximo","status":"publish","type":"post","link":"https:\/\/hostnetart.com.br\/baixada\/acordo-sobre-centros-de-realocacao-esta-proximo\/","title":{"rendered":"Acordo sobre centros de realoca\u00e7\u00e3o est\u00e1 pr\u00f3ximo"},"content":{"rendered":"<p>Apesar de haver concord\u00e2ncia com os termos de uma das cl\u00e1usulas da minuta de aditamento \u00e0 Conven\u00e7\u00e3o Coletiva de Trabalho (CCT) da categoria, terminou sem acordo a reuni\u00e3o entre o Comando Nacional dos Banc\u00e1rios e a Federa\u00e7\u00e3o Nacional dos Bancos (Fenaban), ocorrida nesta ter\u00e7a-feira (18), em S\u00e3o Paulo, para dar continuidade \u00e0s negocia\u00e7\u00f5es sobre as cl\u00e1usulas 37 (monitoramento de resultados), 62 (cria\u00e7\u00e3o de centros de realoca\u00e7\u00e3o e requalifica\u00e7\u00e3o profissional) e 65 (adiantamento emergencial de sal\u00e1rios nos per\u00edodos transit\u00f3rios de afastamento por doen\u00e7a), que se estendem desde o final de 2016. A Fenaban somente aceita acordo global.<\/p>\n<p><strong>Centros de realoca\u00e7\u00e3o<\/strong><br \/>Durante as negocia\u00e7\u00f5es da Campanha Nacional de 2016, j\u00e1 havia sido acertado que o Comando Nacional e a Fenaban voltariam \u00e0 mesa de negocia\u00e7\u00f5es para regulamentar a cria\u00e7\u00e3o dos centros de realoca\u00e7\u00e3o e requalifica\u00e7\u00e3o profissional dos trabalhadores que, por ventura, n\u00e3o possuam as habilidades necess\u00e1rias para a ocupa\u00e7\u00e3o de postos de trabalho em aberto nos bancos, previstos na cl\u00e1usula 62. \u201cTrata-se de um marco m\u00ednimo. Altera\u00e7\u00f5es que ampliem as conquistas ser\u00e3o tratadas pelas COEs (comiss\u00f5es de organiza\u00e7\u00e3o dos empregados dos bancos privados) e CEEs (comiss\u00f5es executivas de empregados e funcion\u00e1rios dos bancos p\u00fablicos), que t\u00eam totais capacidades para debater o assunto\u201d, disse Roberto von der Osten, presidente da Confedera\u00e7\u00e3o Nacional dos Trabalhadores do Ramo Financeiro (Contraf-CUT).<\/p>\n<p>Apesar de n\u00e3o ter havido concord\u00e2ncia com os termos, as partes firmaram o acordo com rela\u00e7\u00e3o \u00e0 cria\u00e7\u00e3o dos centros de realoca\u00e7\u00e3o profissional. Resta apenas o acerto nas outras duas cl\u00e1usulas.<\/p>\n<p><strong>Ranking<\/strong><br \/>Os bancos insistem em promover altera\u00e7\u00f5es na cl\u00e1usula 37, que pro\u00edbe a divulga\u00e7\u00e3o de resultados individuais dos funcion\u00e1rios. Segundo o presidente da Contraf-CUT, as altera\u00e7\u00f5es propostas mudam o esp\u00edrito do que est\u00e1 convencionado. \u201cA cl\u00e1usula foi criada para evitar a classifica\u00e7\u00e3o individual dos funcion\u00e1rios de acordo com o resultado comercial obtido. Querem encontrar uma forma de voltarem a promover a classifica\u00e7\u00e3o para enaltecer os melhores sem que haja exposi\u00e7\u00e3o e ridiculariza\u00e7\u00e3o dos que n\u00e3o obtiveram bons resultados. Achamos muito dif\u00edcil essa possibilidade\u201d, afirmou von der Osten.<\/p>\n<p>Antes de a cl\u00e1usula ser convencionada, era comum a exposi\u00e7\u00e3o de listas nas paredes das ag\u00eancias com a classifica\u00e7\u00e3o dos resultados dos funcion\u00e1rios de acordo com os resultados obtidos, o que gerava chacotas e ass\u00e9dio moral. \u201cOs piores ganhavam trof\u00e9u abacaxi, eram chamados de tartaruga, \u2018barrichello\u2019 entre outros termos pejorativos\u201d, lembrou o dirigente sindical.<\/p>\n<p><strong>Adiantamento emergencial de sal\u00e1rio<\/strong><br \/>Com transfer\u00eancia do INSS para o Minist\u00e9rio de Desenvolvimento Social e Agr\u00e1rio, ocorreram v\u00e1rias mudan\u00e7as de normativas do Instituto. Uma delas extinguiu o pedido de reconsidera\u00e7\u00e3o que poderia ser feito pelos trabalhadores cujas per\u00edcias os haviam classificado como aptos para o retorno ao trabalho, mas os m\u00e9dicos dos bancos os tinham considerados inaptos.<\/p>\n<p>A CCT da categoria determina que os bancos teriam que adiantar o pagamento dos banc\u00e1rios por at\u00e9 120 dias para aqueles que entrassem com o pedido de reconsidera\u00e7\u00e3o do resultado da per\u00edcia do INSS. \u201cA extin\u00e7\u00e3o do pedido de reconsidera\u00e7\u00e3o gerou uma inseguran\u00e7a jur\u00eddica e alguns bancos deixaram de fazer o adiantamento. Quer\u00edamos apenas que, ao inv\u00e9s de ter que apresentar o pedido de reconsidera\u00e7\u00e3o, que fosse aceito o pedido de recurso, administrativo ou judicial, junto ao INSS\u201d, explicou o presidente da Contraf-CUT.<\/p>\n<p>Para o presidente da Contraf-CUT, o banc\u00e1rio n\u00e3o pode ser penalizado em decorr\u00eancia da extin\u00e7\u00e3o de um procedimento pelo \u00f3rg\u00e3o examinador.<\/p>\n<p><strong>Pr\u00f3xima reuni\u00e3o<\/strong><br \/>As cl\u00e1usulas voltar\u00e3o a ser discutidas na pr\u00f3xima reuni\u00e3o, marcada para o dia 8 de agosto, \u00e0s 14h30, em S\u00e3o Paulo.<\/p>\n","protected":false},"excerpt":{"rendered":"<p>Apesar de haver concord\u00e2ncia com os termos de uma das cl\u00e1usulas da minuta de aditamento \u00e0 Conven\u00e7\u00e3o Coletiva de Trabalho (CCT) da categoria, terminou sem acordo a reuni\u00e3o entre o Comando Nacional dos Banc\u00e1rios e a Federa\u00e7\u00e3o Nacional dos Bancos (Fenaban), ocorrida nesta ter\u00e7a-feira (18), em S\u00e3o Paulo, para dar continuidade \u00e0s negocia\u00e7\u00f5es sobre as [&hellip;]<\/p>\n","protected":false},"author":2,"featured_media":2664,"comment_status":"","ping_status":"","sticky":false,"template":"","format":"standard","meta":{"footnotes":""},"categories":[3],"tags":[],"class_list":["post-2665","post","type-post","status-publish","format-standard","has-post-thumbnail","hentry","category-noticias"],"_links":{"self":[{"href":"https:\/\/hostnetart.com.br\/baixada\/wp-json\/wp\/v2\/posts\/2665","targetHints":{"allow":["GET"]}}],"collection":[{"href":"https:\/\/hostnetart.com.br\/baixada\/wp-json\/wp\/v2\/posts"}],"about":[{"href":"https:\/\/hostnetart.com.br\/baixada\/wp-json\/wp\/v2\/types\/post"}],"author":[{"embeddable":true,"href":"https:\/\/hostnetart.com.br\/baixada\/wp-json\/wp\/v2\/users\/2"}],"replies":[{"embeddable":true,"href":"https:\/\/hostnetart.com.br\/baixada\/wp-json\/wp\/v2\/comments?post=2665"}],"version-history":[{"count":0,"href":"https:\/\/hostnetart.com.br\/baixada\/wp-json\/wp\/v2\/posts\/2665\/revisions"}],"wp:featuredmedia":[{"embeddable":true,"href":"https:\/\/hostnetart.com.br\/baixada\/wp-json\/wp\/v2\/media\/2664"}],"wp:attachment":[{"href":"https:\/\/hostnetart.com.br\/baixada\/wp-json\/wp\/v2\/media?parent=2665"}],"wp:term":[{"taxonomy":"category","embeddable":true,"href":"https:\/\/hostnetart.com.br\/baixada\/wp-json\/wp\/v2\/categories?post=2665"},{"taxonomy":"post_tag","embeddable":true,"href":"https:\/\/hostnetart.com.br\/baixada\/wp-json\/wp\/v2\/tags?post=2665"}],"curies":[{"name":"wp","href":"https:\/\/api.w.org\/{rel}","templated":true}]}}