{"id":2661,"date":"2017-07-19T17:48:49","date_gmt":"2017-07-19T20:48:49","guid":{"rendered":"https:\/\/hostnetart.com.br\/baixada\/contra-imposto-sindical-cut-nao-negociara-com-temer\/"},"modified":"2017-07-19T17:48:49","modified_gmt":"2017-07-19T20:48:49","slug":"contra-imposto-sindical-cut-nao-negociara-com-temer","status":"publish","type":"post","link":"https:\/\/hostnetart.com.br\/baixada\/contra-imposto-sindical-cut-nao-negociara-com-temer\/","title":{"rendered":"Contra imposto sindical, CUT n\u00e3o negociar\u00e1 com Temer"},"content":{"rendered":"<p>A aprova\u00e7\u00e3o da Reforma Trabalhista pelo Senado sem destaques, conforme desejava o ileg\u00edtimo Michel Temer (PMDB), mostra que, al\u00e9m de servir aos patr\u00f5es, o golpe tinha como objetivo colocar a faca no pesco\u00e7o das centrais sindicais para diminuir a combatividade na prote\u00e7\u00e3o dos direitos da classe trabalhadora.<\/p>\n<p>De acordo com a m\u00eddia conservadora, Temer prometeu a dirigentes de pelo menos duas centrais que, ap\u00f3s a aprova\u00e7\u00e3o da reforma que acabou com o Imposto Sindical, mandaria uma Medida Provis\u00f3ria criando uma contribui\u00e7\u00e3o para garantir o financiamento das centrais sindicais.<\/p>\n<p>A CUT n\u00e3o participou dessa negocia\u00e7\u00e3o e tamb\u00e9m n\u00e3o atender\u00e1 \u00e0 convoca\u00e7\u00e3o do ministro do Trabalho para uma reuni\u00e3o com o governo nesta quarta-feira (19) para discutir o tema porque n\u00e3o faz qualquer negociata em troca dos direitos da classe trabalhadora. <\/p>\n<p><strong>Fonte: Contraf-CUT<\/strong><\/p>\n","protected":false},"excerpt":{"rendered":"<p>A aprova\u00e7\u00e3o da Reforma Trabalhista pelo Senado sem destaques, conforme desejava o ileg\u00edtimo Michel Temer (PMDB), mostra que, al\u00e9m de servir aos patr\u00f5es, o golpe tinha como objetivo colocar a faca no pesco\u00e7o das centrais sindicais para diminuir a combatividade na prote\u00e7\u00e3o dos direitos da classe trabalhadora. De acordo com a m\u00eddia conservadora, Temer prometeu [&hellip;]<\/p>\n","protected":false},"author":2,"featured_media":2660,"comment_status":"","ping_status":"","sticky":false,"template":"","format":"standard","meta":{"footnotes":""},"categories":[3],"tags":[],"class_list":["post-2661","post","type-post","status-publish","format-standard","has-post-thumbnail","hentry","category-noticias"],"_links":{"self":[{"href":"https:\/\/hostnetart.com.br\/baixada\/wp-json\/wp\/v2\/posts\/2661","targetHints":{"allow":["GET"]}}],"collection":[{"href":"https:\/\/hostnetart.com.br\/baixada\/wp-json\/wp\/v2\/posts"}],"about":[{"href":"https:\/\/hostnetart.com.br\/baixada\/wp-json\/wp\/v2\/types\/post"}],"author":[{"embeddable":true,"href":"https:\/\/hostnetart.com.br\/baixada\/wp-json\/wp\/v2\/users\/2"}],"replies":[{"embeddable":true,"href":"https:\/\/hostnetart.com.br\/baixada\/wp-json\/wp\/v2\/comments?post=2661"}],"version-history":[{"count":0,"href":"https:\/\/hostnetart.com.br\/baixada\/wp-json\/wp\/v2\/posts\/2661\/revisions"}],"wp:featuredmedia":[{"embeddable":true,"href":"https:\/\/hostnetart.com.br\/baixada\/wp-json\/wp\/v2\/media\/2660"}],"wp:attachment":[{"href":"https:\/\/hostnetart.com.br\/baixada\/wp-json\/wp\/v2\/media?parent=2661"}],"wp:term":[{"taxonomy":"category","embeddable":true,"href":"https:\/\/hostnetart.com.br\/baixada\/wp-json\/wp\/v2\/categories?post=2661"},{"taxonomy":"post_tag","embeddable":true,"href":"https:\/\/hostnetart.com.br\/baixada\/wp-json\/wp\/v2\/tags?post=2661"}],"curies":[{"name":"wp","href":"https:\/\/api.w.org\/{rel}","templated":true}]}}