{"id":2659,"date":"2017-07-19T17:44:59","date_gmt":"2017-07-19T20:44:59","guid":{"rendered":"https:\/\/hostnetart.com.br\/baixada\/bancarios-do-rj-e-es-propoem-defesa-do-emprego-e-luta-contra-a-perda-de-direitos\/"},"modified":"2017-07-19T17:44:59","modified_gmt":"2017-07-19T20:44:59","slug":"bancarios-do-rj-e-es-propoem-defesa-do-emprego-e-luta-contra-a-perda-de-direitos","status":"publish","type":"post","link":"https:\/\/hostnetart.com.br\/baixada\/bancarios-do-rj-e-es-propoem-defesa-do-emprego-e-luta-contra-a-perda-de-direitos\/","title":{"rendered":"Banc\u00e1rios do RJ e ES prop\u00f5em defesa do emprego e luta contra a perda de direitos"},"content":{"rendered":"<p>Num clima de muita apreens\u00e3o e disposi\u00e7\u00e3o para lutar contra as reformas do governo golpista, os banc\u00e1rios do Rio de Janeiro e do Esp\u00edrito Santo se reuniram na capital fluminense nos dias 14 e 15 de julho para realizar sua 19\u00aa Confer\u00eancia Interestadual. Participaram do evento 507 trabalhadores, sendo 361 homens e 146 mulheres.<\/p>\n<p>Com a campanha de dois anos garantindo o reajuste com aumento real, a preocupa\u00e7\u00e3o dos trabalhadores \u00e9 com o emprego e com a manuten\u00e7\u00e3o de direitos. A amea\u00e7a de terceiriza\u00e7\u00e3o dos servi\u00e7os banc\u00e1rios, a possibilidade de negocia\u00e7\u00f5es sem participa\u00e7\u00e3o dos sindicatos, por fora da CCT da categoria, e a defesa da jornada de seis horas foram alguns dos principais temas debatidos. Outro assunto que preocupa os banc\u00e1rios \u00e9 a expans\u00e3o dos servi\u00e7os digitais, que s\u00e3o mais um fator a contribuir com o corte de postos de trabalho nos bancos. Portanto, no entender dos trabalhadores fluminenses e capixabas, o eixo principal da Campanha Nacional dos Banc\u00e1rios deve ser a defesa do emprego, como ponto estrat\u00e9gico para a luta por todos os demais direitos.<\/p>\n<p>Foi tamb\u00e9m reafirmado o papel dos trabalhadores e dos dirigentes sindicais banc\u00e1rios, como categoria de vanguarda, na luta pela garantia dos direitos e conquistas dos trabalhadores e pela manuten\u00e7\u00e3o do Estado democr\u00e1tico de Direito.<\/p>\n<p>Foram, portanto, sugeridas a\u00e7\u00f5es regionais, a serem implementadas na base da Fetraf-RJ\/ES, e outras atividades e campanhas nacionais que ser\u00e3o propostas aos banc\u00e1rios de todo o pa\u00eds durante a Confer\u00eancia Nacional.<\/p>\n<p>Entre as a\u00e7\u00f5es regionais est\u00e3o a intensifica\u00e7\u00e3o da campanha contra os parlamentares que votaram contra os interesses dos trabalhadores. Os sindicatos filiados \u00e0 Fetraf-RJ\/ES devem usar seus meios de comunica\u00e7\u00e3o e incentivar os trabalhadores a usar as redes sociais e todo tipo de meio para pressionar os parlamentares. Foi proposta tamb\u00e9m a cria\u00e7\u00e3o de uma campanha de esclarecimento na base territorial da Fetraf-RJ\/ES sobre as mudan\u00e7as e impactos das reformas sobre a categoria banc\u00e1ria, buscando estend\u00ea-la ao \u00e2mbito nacional.<\/p>\n<p>Entre as propostas nacionais est\u00e1 a cria\u00e7\u00e3o de um calend\u00e1rio nacional de lutas e atividades na data-base da categoria \u2013 1\u00ba de setembro \u2013 em defesa do emprego da categoria banc\u00e1ria. Foi sugerido que estas atividades incluam recep\u00e7\u00e3o dos parlamentares nos aeroportos e ocupa\u00e7\u00e3o permanente de Bras\u00edlia por sindicalistas.<\/p>\n<p>Outra medida que os banc\u00e1rios reunidos consideram fundamental \u00e9 a cria\u00e7\u00e3o de uma campanha nacional pela ratifica\u00e7\u00e3o da Conven\u00e7\u00e3o 158 da OIT, que pro\u00edbe a demiss\u00e3o imotivada, e a reformula\u00e7\u00e3o e regulamenta\u00e7\u00e3o do artigo 192 da Constitui\u00e7\u00e3o, que trata da regulamenta\u00e7\u00e3o do Sistema Financeiro Nacional.<\/p>\n<p>O presidente da Fetraf-RJ\/ES, Nilton Dami\u00e3o Esperan\u00e7a, que integra o Comando Nacional dos Banc\u00e1rios, ficou satisfeito com o resultado do evento. \u201cGostaria de parabenizar a todos pela participa\u00e7\u00e3o em nossa confer\u00eancia, que contou com a presen\u00e7a de mais de 500 banc\u00e1rias e banc\u00e1rios\u201d, declarou Nilton. O sindicalista tamb\u00e9m destacou a qualidade das discuss\u00f5es mantidas pelos palestrantes convidados para o evento. \u201cTivemos debates com muita riqueza em informa\u00e7\u00f5es e fortalecemos a convic\u00e7\u00e3o de que s\u00f3 a luta nos garantir\u00e1 uma boa negocia\u00e7\u00e3o e a manuten\u00e7\u00e3o dos nossos direitos, que foram conquistados com muito sacrif\u00edcio e empenho\u201d, completou o dirigente.<\/p>\n<p>\u00a0<\/p>\n<p>Propostas para a Confer\u00eancia Nacional dos Banc\u00e1rios<\/p>\n<p>Frente \u00e0 aprova\u00e7\u00e3o da reforma trabalhista, devem ser inclu\u00eddos na CCT dos banc\u00e1rios os seguintes mecanismos de salvaguarda dos direitos j\u00e1 conquistados:<\/p>\n<p>\u00a0\u00a0\u00a0 \u00c9 vedada qualquer forma de contrata\u00e7\u00e3o terceirizada que esteja ligada \u00e0 atividade-fim;<br \/>\u00a0\u00a0\u00a0 \u00c9 vedada a cria\u00e7\u00e3o de comiss\u00f5es de empregados para negociar diretamente com o Banco, sendo v\u00e1lidas apenas as negocia\u00e7\u00f5es do Comando Nacional e suas entidades e as Comiss\u00f5es de Empresa j\u00e1 existentes (COE);<br \/>\u00a0\u00a0\u00a0 \u00c9 vedada a negocia\u00e7\u00e3o individual e direta com qualquer funcion\u00e1rio ou grupo de funcion\u00e1rios sem a intermedia\u00e7\u00e3o dos Sindicatos e COEs;<br \/>\u00a0\u00a0\u00a0 \u00c9 vedada a negocia\u00e7\u00e3o entre o Banco e funcion\u00e1rios que recebem acima do dobro do teto do INSS, para estipula\u00e7\u00e3o de cl\u00e1usulas de arbitragem, mantidos esses trabalhadores sob a cobertura da conven\u00e7\u00e3o coletiva da categoria;<br \/>\u00a0\u00a0\u00a0 \u00c9 vedada a estipula\u00e7\u00e3o de acordos individuais e informais para bancos de horas;<br \/>\u00a0\u00a0\u00a0 \u00c9 vedada a contrata\u00e7\u00e3o de qualquer aut\u00f4nomo, com ou sem exclusividade;<br \/>\u00a0\u00a0\u00a0 As cl\u00e1usulas em vig\u00eancia do acordo coletivo 2016\/2018 permanecer\u00e3o vigentes at\u00e9 a finaliza\u00e7\u00e3o do acordo coletivo subsequente, mesmo que ultrapasse a data base.<br \/>\u00a0\u00a0\u00a0 Em caso de perda de gratifica\u00e7\u00e3o de fun\u00e7\u00e3o e\/ou comiss\u00e3o, que haja a incorpora\u00e7\u00e3o do valor total das respectivas gratifica\u00e7\u00e3o\/comiss\u00e3o ao sal\u00e1rio para aqueles que atuam h\u00e1 mais de 10 anos percebendo tais gratifica\u00e7\u00f5es. Para quem tem menos de dez anos que o Banco incorpore aos sal\u00e1rios, na propor\u00e7\u00e3o de 10% dessa gratifica\u00e7\u00e3o\/comiss\u00e3o, para cada ano trabalhado sendo v\u00e1lido para todos os funcion\u00e1rios, inclusive, caixas.<br \/>\u00a0\u00a0\u00a0 Manuten\u00e7\u00e3o da homologa\u00e7\u00e3o nos sindicatos;<br \/>\u00a0\u00a0\u00a0 Garantir que todos os trabalhadores que realizam atividade fim (intermedia\u00e7\u00e3o financeira) nos bancos, independente do regime de contrata\u00e7\u00e3o, sejam representados pelos sindicatos de banc\u00e1rios;<br \/>\u00a0\u00a0\u00a0 Manuten\u00e7\u00e3o da norma que impede que a gestante ou lactante trabalhe em qualquer lugar insalubre.<\/p>\n<p>Plano de Lutas:<\/p>\n<p>\u00a0\u00a0\u00a0 Implementar reuni\u00f5es por unidades, objetivando a amplia\u00e7\u00e3o do di\u00e1logo com os banc\u00e1rios;<br \/>\u00a0\u00a0\u00a0 Incentivar a cria\u00e7\u00e3o de comit\u00eas de defesa dos bancos p\u00fablicos com a utiliza\u00e7\u00e3o das cartilhas j\u00e1 disponibilizadas pela CONTRAF direcionadas aos clientes e aos banc\u00e1rios;<br \/>\u00a0\u00a0\u00a0 Efetivar o lan\u00e7amento no Rio da Frente Parlamentar em Defesa dos Bancos P\u00fablicos;<br \/>\u00a0\u00a0\u00a0 Investir, com urg\u00eancia, na amplia\u00e7\u00e3o da representa\u00e7\u00e3o do Ramo Financeiro;<br \/>\u00a0\u00a0\u00a0 Encaminhar para a Confer\u00eancia Nacional a proposta de calend\u00e1rio de lutas para combate \u00e0s reformas do desgoverno Temer e pela garantia dos nossos direitos e dos empregos.<\/p>\n<p>Eixos principais de a\u00e7\u00e3o:<\/p>\n<p>\u00a0\u00a0\u00a0 Luta contra a terceiriza\u00e7\u00e3o dos servi\u00e7os banc\u00e1rios;<br \/>\u00a0\u00a0\u00a0 Luta pela promo\u00e7\u00e3o da igualdade de oportunidades;<br \/>\u00a0\u00a0\u00a0 Defesa da jornada de 6 horas,<br \/>\u00a0\u00a0\u00a0 Exigir o fim das metas,<br \/>\u00a0\u00a0\u00a0 Luta pela defesa do emprego;<br \/>\u00a0\u00a0\u00a0 Luta por melhores condi\u00e7\u00f5es de trabalho e de sa\u00fade do trabalhador;<br \/>\u00a0\u00a0\u00a0 Garantia de mais seguran\u00e7a banc\u00e1ria,<br \/>\u00a0\u00a0\u00a0 Isonomia de direitos e remunera\u00e7\u00e3o entre funcion\u00e1rios;<br \/>\u00a0\u00a0\u00a0 Defesa dos bancos p\u00fablicos;<br \/>\u00a0\u00a0\u00a0 FORA TEMER e elei\u00e7\u00f5es diretas e gerais j\u00e1;<br \/>\u00a0\u00a0\u00a0 Auditoria da d\u00edvida p\u00fablica j\u00e1;<br \/>\u00a0\u00a0\u00a0 Estatiza\u00e7\u00e3o do sistema financeiro;<br \/>\u00a0\u00a0\u00a0 Ratifica\u00e7\u00e3o da conven\u00e7\u00e3o 158 da OIT;<br \/>\u00a0\u00a0\u00a0 Luta contra a reforma da previd\u00eancia;<br \/>\u00a0\u00a0\u00a0 Luta contra a reforma trabalhista;<br \/>\u00a0\u00a0\u00a0 Puni\u00e7\u00e3o de todos os corruptos.<\/p>\n<p>Fonte: Banc\u00e1rios RJ\/ ES<\/p>\n","protected":false},"excerpt":{"rendered":"<p>Num clima de muita apreens\u00e3o e disposi\u00e7\u00e3o para lutar contra as reformas do governo golpista, os banc\u00e1rios do Rio de Janeiro e do Esp\u00edrito Santo se reuniram na capital fluminense nos dias 14 e 15 de julho para realizar sua 19\u00aa Confer\u00eancia Interestadual. Participaram do evento 507 trabalhadores, sendo 361 homens e 146 mulheres. Com [&hellip;]<\/p>\n","protected":false},"author":2,"featured_media":2658,"comment_status":"","ping_status":"","sticky":false,"template":"","format":"standard","meta":{"footnotes":""},"categories":[3],"tags":[],"class_list":["post-2659","post","type-post","status-publish","format-standard","has-post-thumbnail","hentry","category-noticias"],"_links":{"self":[{"href":"https:\/\/hostnetart.com.br\/baixada\/wp-json\/wp\/v2\/posts\/2659","targetHints":{"allow":["GET"]}}],"collection":[{"href":"https:\/\/hostnetart.com.br\/baixada\/wp-json\/wp\/v2\/posts"}],"about":[{"href":"https:\/\/hostnetart.com.br\/baixada\/wp-json\/wp\/v2\/types\/post"}],"author":[{"embeddable":true,"href":"https:\/\/hostnetart.com.br\/baixada\/wp-json\/wp\/v2\/users\/2"}],"replies":[{"embeddable":true,"href":"https:\/\/hostnetart.com.br\/baixada\/wp-json\/wp\/v2\/comments?post=2659"}],"version-history":[{"count":0,"href":"https:\/\/hostnetart.com.br\/baixada\/wp-json\/wp\/v2\/posts\/2659\/revisions"}],"wp:featuredmedia":[{"embeddable":true,"href":"https:\/\/hostnetart.com.br\/baixada\/wp-json\/wp\/v2\/media\/2658"}],"wp:attachment":[{"href":"https:\/\/hostnetart.com.br\/baixada\/wp-json\/wp\/v2\/media?parent=2659"}],"wp:term":[{"taxonomy":"category","embeddable":true,"href":"https:\/\/hostnetart.com.br\/baixada\/wp-json\/wp\/v2\/categories?post=2659"},{"taxonomy":"post_tag","embeddable":true,"href":"https:\/\/hostnetart.com.br\/baixada\/wp-json\/wp\/v2\/tags?post=2659"}],"curies":[{"name":"wp","href":"https:\/\/api.w.org\/{rel}","templated":true}]}}