{"id":2657,"date":"2017-07-18T18:27:41","date_gmt":"2017-07-18T21:27:41","guid":{"rendered":"https:\/\/hostnetart.com.br\/baixada\/cartilha-auxilia-combate-ao-assedio-sexual-em-empresas\/"},"modified":"2017-07-18T18:27:41","modified_gmt":"2017-07-18T21:27:41","slug":"cartilha-auxilia-combate-ao-assedio-sexual-em-empresas","status":"publish","type":"post","link":"https:\/\/hostnetart.com.br\/baixada\/cartilha-auxilia-combate-ao-assedio-sexual-em-empresas\/","title":{"rendered":"Cartilha auxilia combate ao ass\u00e9dio sexual em empresas"},"content":{"rendered":"<div class=\"subtitle-area\">\n<p class=\"description\"><em> Em formato de perguntas e respostas, a publica\u00e7\u00e3o apresenta conceitos e situa\u00e7\u00f5es que caracterizam a pr\u00e1tica criminosa, al\u00e9m de orientar v\u00edtimas a buscar ajuda e denunciar <\/em><\/p>\n<p class=\"description\">O Minist\u00e9rio P\u00fablico de Trabalho (MPT), em parceria com a Organiza\u00e7\u00e3o Internacional do Trabalho (OIT), lan\u00e7ou uma cartilha de combate ao ass\u00e9dio sexual no ambiente de trabalho. Com linguagem acess\u00edvel e em formato de perguntas e respostas, a publica\u00e7\u00e3o apresenta conceitos e situa\u00e7\u00f5es que caracterizam a pr\u00e1tica criminosa, al\u00e9m de orientar v\u00edtimas a buscar ajuda e denunciar.<\/p>\n<p>&#8220;N\u00e3o adianta n\u00f3s combatermos s\u00f3 as consequ\u00eancias, n\u00f3s agirmos para punir &#8211; claro, temos que agir para punir exemplarmente, de forma muito contundente. \u00c9 tamb\u00e9m preciso fazer o trabalho de preven\u00e7\u00e3o, de orienta\u00e7\u00e3o, que \u00e9 important\u00edssimo. E essa cartilha \u00e9 um instrumento essencial na pol\u00edtica de combate ao ass\u00e9dio sexual&#8221;, disse o procurador-geral do Trabalho, Ronaldo Fleury, na cerim\u00f4nia de lan\u00e7amento da cartilha, em 21 de junho.<\/p>\n<p>Para Sofia Vilela, vice-coordenadora nacional de Promo\u00e7\u00e3o da Igualdade de Oportunidades e Elimina\u00e7\u00e3o da Discrimina\u00e7\u00e3o no Trabalho do MPT, embora as pesquisas revelem um alto \u00edndice de ass\u00e9dio sexual nos locais de trabalho, o n\u00famero de den\u00fancias ainda \u00e9 baixo. Em 2016, o MPT registrou 252 den\u00fancias de ass\u00e9dio sexual em todo o pa\u00eds.<\/p>\n<p>\u201cInfelizmente, ainda h\u00e1 alguma dificuldade de interlocu\u00e7\u00e3o das den\u00fancias de ass\u00e9dio sexual chegarem a nossa institui\u00e7\u00e3o. Um desses problemas \u00e9 o sil\u00eancio das mulheres \u2013 eu digo mulheres porque o ass\u00e9dio sexual pode ocorrer em rela\u00e7\u00e3o a homens e at\u00e9 entre pessoas do mesmo g\u00eanero, mas a grande maioria \u00e9 de mulheres\u201d, afirmou.<\/p>\n<p>A cartilha apresenta tamb\u00e9m exemplos de ass\u00e9dios sexuais pouco conhecidos, como o cometido por clientes. \u201cTratamos do conceito de ass\u00e9dio, as formas, inclusive aquelas praticadas pelas redes sociais, por aplicativos de mensagens, como o Whatsapp\u201d, esclarece a procuradora do Trabalho.<\/p>\n<p><strong>Categoria banc\u00e1ria<\/strong><\/p>\n<p class=\"description\">Dados de consulta realizada em 2015 junto \u00e0 categoria banc\u00e1ria, respondida por mais de 40 mil trabalhadores em todo o pa\u00eds, revelam que 12% dos participantes mencionaram a import\u00e2ncia de se discutir o ass\u00e9dio sexual.<\/p>\n<p>Para a diretora executiva do Sindicato Neiva Ribeiro, o ass\u00e9dio sexual no ambiente de trabalho \u00e9 uma viol\u00eancia, pois o agressor se utiliza do seu cargo e poder para subjugar a v\u00edtima. \u201c\u00c9 uma rela\u00e7\u00e3o de poder calcada no machismo, algo que lutamos diariamente para desconstruir.\u201d<\/p>\n<p>Segundo a dirigente sindical, iniciativas como a cartilha do MPT e OIT s\u00e3o de fundamental import\u00e2ncia. \u201cEm 2015, ap\u00f3s nossa Campanha Nacional, os bancos se recusaram a organizar, em conjunto com o movimento sindical, uma campanha de combate ao ass\u00e9dio sexual. Mesmo com o desinteresse do setor em esclarecer os banc\u00e1rios e combater este crime nos locais de trabalho, a representa\u00e7\u00e3o dos trabalhadores continuou e ainda continua realizando campanhas de conscientiza\u00e7\u00e3o. A cartilha do MPT e da OIT \u00e9 mais uma ferramenta para combatermos o ass\u00e9dio sexual no trabalho\u201d, conclui Neiva.<\/p>\n<\/div>\n","protected":false},"excerpt":{"rendered":"<p>Em formato de perguntas e respostas, a publica\u00e7\u00e3o apresenta conceitos e situa\u00e7\u00f5es que caracterizam a pr\u00e1tica criminosa, al\u00e9m de orientar v\u00edtimas a buscar ajuda e denunciar O Minist\u00e9rio P\u00fablico de Trabalho (MPT), em parceria com a Organiza\u00e7\u00e3o Internacional do Trabalho (OIT), lan\u00e7ou uma cartilha de combate ao ass\u00e9dio sexual no ambiente de trabalho. Com linguagem [&hellip;]<\/p>\n","protected":false},"author":2,"featured_media":2656,"comment_status":"","ping_status":"","sticky":false,"template":"","format":"standard","meta":{"footnotes":""},"categories":[3],"tags":[],"class_list":["post-2657","post","type-post","status-publish","format-standard","has-post-thumbnail","hentry","category-noticias"],"_links":{"self":[{"href":"https:\/\/hostnetart.com.br\/baixada\/wp-json\/wp\/v2\/posts\/2657","targetHints":{"allow":["GET"]}}],"collection":[{"href":"https:\/\/hostnetart.com.br\/baixada\/wp-json\/wp\/v2\/posts"}],"about":[{"href":"https:\/\/hostnetart.com.br\/baixada\/wp-json\/wp\/v2\/types\/post"}],"author":[{"embeddable":true,"href":"https:\/\/hostnetart.com.br\/baixada\/wp-json\/wp\/v2\/users\/2"}],"replies":[{"embeddable":true,"href":"https:\/\/hostnetart.com.br\/baixada\/wp-json\/wp\/v2\/comments?post=2657"}],"version-history":[{"count":0,"href":"https:\/\/hostnetart.com.br\/baixada\/wp-json\/wp\/v2\/posts\/2657\/revisions"}],"wp:featuredmedia":[{"embeddable":true,"href":"https:\/\/hostnetart.com.br\/baixada\/wp-json\/wp\/v2\/media\/2656"}],"wp:attachment":[{"href":"https:\/\/hostnetart.com.br\/baixada\/wp-json\/wp\/v2\/media?parent=2657"}],"wp:term":[{"taxonomy":"category","embeddable":true,"href":"https:\/\/hostnetart.com.br\/baixada\/wp-json\/wp\/v2\/categories?post=2657"},{"taxonomy":"post_tag","embeddable":true,"href":"https:\/\/hostnetart.com.br\/baixada\/wp-json\/wp\/v2\/tags?post=2657"}],"curies":[{"name":"wp","href":"https:\/\/api.w.org\/{rel}","templated":true}]}}