{"id":2653,"date":"2017-07-18T18:20:03","date_gmt":"2017-07-18T21:20:03","guid":{"rendered":"https:\/\/hostnetart.com.br\/baixada\/agencia-do-santander-da-ufrj-seropedica-funciona-em-predio-abandonado\/"},"modified":"2017-07-18T18:20:03","modified_gmt":"2017-07-18T21:20:03","slug":"agencia-do-santander-da-ufrj-seropedica-funciona-em-predio-abandonado","status":"publish","type":"post","link":"https:\/\/hostnetart.com.br\/baixada\/agencia-do-santander-da-ufrj-seropedica-funciona-em-predio-abandonado\/","title":{"rendered":"Ag\u00eancia do Santander da UFRJ\/Serop\u00e9dica funciona em pr\u00e9dio abandonado"},"content":{"rendered":"<p>H\u00e1 bastante tempo o Sindicato dos Banc\u00e1rios de Angra dos Reis (RJ) vem tentando sem sucesso a mudan\u00e7a de local da ag\u00eancia do Santander situada na Universidade Federal do Rio de Janeiro no munic\u00edpio de Serop\u00e9dica. \u201cA unidade est\u00e1 funcionando em um pr\u00e9dio deteriorado e isolado das demais edifica\u00e7\u00f5es do Campus\u201d, informa Rogerio Salvador, presidente\u00a0do Seeb\/Angra dos Reis.<\/p>\n<p>No pr\u00e9dio, funcionavam salas de aulas e demais estruturas pertinentes, como banheiros, por exemplo, que se encontram abandonadas. Quando chove o interior fica todo alagado. Rachaduras e fia\u00e7\u00f5es expostas s\u00e3o vis\u00edveis.<\/p>\n<p>Segundo o dirigente sindical, os relatos s\u00e3o de que, por diversas vezes, a ag\u00eancia j\u00e1 foi arrombada por assaltantes, caixas eletr\u00f4nicos tamb\u00e9m j\u00e1 foram atacados. Recentemente a ag\u00eancia ficou uma semana fechada depois que criminosos passaram todo um fim de semana dentro do estabelecimento saqueando dinheiro e equipamentos. \u201cDiante da situa\u00e7\u00e3o de isolamento e abandono, os assaltos logo v\u00e3o ocorrer durante o expediente, colocando, ainda mais, a vida de banc\u00e1rios e clientes em risco\u201d, afirma Rogerio.<\/p>\n<p>O dirigente disse ainda que, por mais de uma vez, o sindicato notificou a regional do banco sobre a situa\u00e7\u00e3o ca\u00f3tica. Dias atr\u00e1s enviou tamb\u00e9m um of\u00edcio ao RH (rela\u00e7\u00f5es sindicais) e solicitou junto a defesa Civil do mun\u00edcipio de Serop\u00e9dica uma vistoria no local. A reitoria da Universidade tamb\u00e9m foi notificada para que tomasse as devidas provid\u00eancias.<\/p>\n<p>\u201cDiante da recusa dos respons\u00e1veis em solucionar os problemas, cogitamos paralisar a ag\u00eancia por tempo indeterminado para dar fim a esse absurdo\u201d, disse o presidente do Seeb\/Angra dos Reis.<\/p>\n<p>As informa\u00e7\u00f5es s\u00e3o do\u00a0Seeb\/Angra dos Reis.<\/p>\n","protected":false},"excerpt":{"rendered":"<p>H\u00e1 bastante tempo o Sindicato dos Banc\u00e1rios de Angra dos Reis (RJ) vem tentando sem sucesso a mudan\u00e7a de local da ag\u00eancia do Santander situada na Universidade Federal do Rio de Janeiro no munic\u00edpio de Serop\u00e9dica. \u201cA unidade est\u00e1 funcionando em um pr\u00e9dio deteriorado e isolado das demais edifica\u00e7\u00f5es do Campus\u201d, informa Rogerio Salvador, presidente\u00a0do [&hellip;]<\/p>\n","protected":false},"author":2,"featured_media":2652,"comment_status":"","ping_status":"","sticky":false,"template":"","format":"standard","meta":{"footnotes":""},"categories":[3],"tags":[],"class_list":["post-2653","post","type-post","status-publish","format-standard","has-post-thumbnail","hentry","category-noticias"],"_links":{"self":[{"href":"https:\/\/hostnetart.com.br\/baixada\/wp-json\/wp\/v2\/posts\/2653","targetHints":{"allow":["GET"]}}],"collection":[{"href":"https:\/\/hostnetart.com.br\/baixada\/wp-json\/wp\/v2\/posts"}],"about":[{"href":"https:\/\/hostnetart.com.br\/baixada\/wp-json\/wp\/v2\/types\/post"}],"author":[{"embeddable":true,"href":"https:\/\/hostnetart.com.br\/baixada\/wp-json\/wp\/v2\/users\/2"}],"replies":[{"embeddable":true,"href":"https:\/\/hostnetart.com.br\/baixada\/wp-json\/wp\/v2\/comments?post=2653"}],"version-history":[{"count":0,"href":"https:\/\/hostnetart.com.br\/baixada\/wp-json\/wp\/v2\/posts\/2653\/revisions"}],"wp:featuredmedia":[{"embeddable":true,"href":"https:\/\/hostnetart.com.br\/baixada\/wp-json\/wp\/v2\/media\/2652"}],"wp:attachment":[{"href":"https:\/\/hostnetart.com.br\/baixada\/wp-json\/wp\/v2\/media?parent=2653"}],"wp:term":[{"taxonomy":"category","embeddable":true,"href":"https:\/\/hostnetart.com.br\/baixada\/wp-json\/wp\/v2\/categories?post=2653"},{"taxonomy":"post_tag","embeddable":true,"href":"https:\/\/hostnetart.com.br\/baixada\/wp-json\/wp\/v2\/tags?post=2653"}],"curies":[{"name":"wp","href":"https:\/\/api.w.org\/{rel}","templated":true}]}}