{"id":2651,"date":"2017-07-18T18:18:40","date_gmt":"2017-07-18T21:18:40","guid":{"rendered":"https:\/\/hostnetart.com.br\/baixada\/comando-nacional-e-fenaban-se-reunem-nesta-terca-18\/"},"modified":"2017-07-18T18:18:40","modified_gmt":"2017-07-18T21:18:40","slug":"comando-nacional-e-fenaban-se-reunem-nesta-terca-18","status":"publish","type":"post","link":"https:\/\/hostnetart.com.br\/baixada\/comando-nacional-e-fenaban-se-reunem-nesta-terca-18\/","title":{"rendered":"Comando Nacional e Fenaban se re\u00fanem nesta ter\u00e7a (18)"},"content":{"rendered":"<p>O Comando Nacional dos Banc\u00e1rios se re\u00fane nesta ter\u00e7a-feira (18) com a Federa\u00e7\u00e3o Nacional dos Bancos (Fenaban). Em pauta est\u00e3o as cl\u00e1usulas 37, 62 e 65, que tratam, respectivamente, do monitoramento de resultados; da cria\u00e7\u00e3o de centros de realoca\u00e7\u00e3o e requalifica\u00e7\u00e3o de banc\u00e1rios atingidos por processos de reestrutura\u00e7\u00e3o organizacional nos bancos, ou mudan\u00e7as nas atividades que resultem em obsolesc\u00eancia de conhecimento; e do adiantamento emergencial de sal\u00e1rios nos per\u00edodos transit\u00f3rios de afastamento por doen\u00e7a. As cl\u00e1usulas j\u00e1 est\u00e3o em discuss\u00e3o desde o final de 2016. A reuni\u00e3o acontecer\u00e1 em S\u00e3o Paulo, a partir das 15h.<\/p>\n","protected":false},"excerpt":{"rendered":"<p>O Comando Nacional dos Banc\u00e1rios se re\u00fane nesta ter\u00e7a-feira (18) com a Federa\u00e7\u00e3o Nacional dos Bancos (Fenaban). Em pauta est\u00e3o as cl\u00e1usulas 37, 62 e 65, que tratam, respectivamente, do monitoramento de resultados; da cria\u00e7\u00e3o de centros de realoca\u00e7\u00e3o e requalifica\u00e7\u00e3o de banc\u00e1rios atingidos por processos de reestrutura\u00e7\u00e3o organizacional nos bancos, ou mudan\u00e7as nas atividades [&hellip;]<\/p>\n","protected":false},"author":2,"featured_media":2650,"comment_status":"","ping_status":"","sticky":false,"template":"","format":"standard","meta":{"footnotes":""},"categories":[3],"tags":[],"class_list":["post-2651","post","type-post","status-publish","format-standard","has-post-thumbnail","hentry","category-noticias"],"_links":{"self":[{"href":"https:\/\/hostnetart.com.br\/baixada\/wp-json\/wp\/v2\/posts\/2651","targetHints":{"allow":["GET"]}}],"collection":[{"href":"https:\/\/hostnetart.com.br\/baixada\/wp-json\/wp\/v2\/posts"}],"about":[{"href":"https:\/\/hostnetart.com.br\/baixada\/wp-json\/wp\/v2\/types\/post"}],"author":[{"embeddable":true,"href":"https:\/\/hostnetart.com.br\/baixada\/wp-json\/wp\/v2\/users\/2"}],"replies":[{"embeddable":true,"href":"https:\/\/hostnetart.com.br\/baixada\/wp-json\/wp\/v2\/comments?post=2651"}],"version-history":[{"count":0,"href":"https:\/\/hostnetart.com.br\/baixada\/wp-json\/wp\/v2\/posts\/2651\/revisions"}],"wp:featuredmedia":[{"embeddable":true,"href":"https:\/\/hostnetart.com.br\/baixada\/wp-json\/wp\/v2\/media\/2650"}],"wp:attachment":[{"href":"https:\/\/hostnetart.com.br\/baixada\/wp-json\/wp\/v2\/media?parent=2651"}],"wp:term":[{"taxonomy":"category","embeddable":true,"href":"https:\/\/hostnetart.com.br\/baixada\/wp-json\/wp\/v2\/categories?post=2651"},{"taxonomy":"post_tag","embeddable":true,"href":"https:\/\/hostnetart.com.br\/baixada\/wp-json\/wp\/v2\/tags?post=2651"}],"curies":[{"name":"wp","href":"https:\/\/api.w.org\/{rel}","templated":true}]}}