{"id":2649,"date":"2017-07-18T02:01:06","date_gmt":"2017-07-18T05:01:06","guid":{"rendered":"https:\/\/hostnetart.com.br\/baixada\/conferencia-aponta-saida-para-a-crise-fortalecer-a-mobilizacao-dos-trabalhadores\/"},"modified":"2017-07-18T02:01:06","modified_gmt":"2017-07-18T05:01:06","slug":"conferencia-aponta-saida-para-a-crise-fortalecer-a-mobilizacao-dos-trabalhadores","status":"publish","type":"post","link":"https:\/\/hostnetart.com.br\/baixada\/conferencia-aponta-saida-para-a-crise-fortalecer-a-mobilizacao-dos-trabalhadores\/","title":{"rendered":"Confer\u00eancia aponta sa\u00edda para a crise: fortalecer a mobiliza\u00e7\u00e3o dos trabalhadores"},"content":{"rendered":"<p>Banc\u00e1rios e banc\u00e1rias do Rio de Janeiro e Esp\u00edrito Santo realizaram na sexta, 14 e s\u00e1bado, 15, a 19\u00aa Confer\u00eancia Interestadual da categoria. Ao todo, 509 delegados participaram do encontro, lotando os audit\u00f3rios que sediaram o evento. Diante da mais dif\u00edcil conjuntura pol\u00edtica desde o regime militar e do maior ataque aos direitos dos trabalhadores em toda a hist\u00f3ria, os participantes consideraram o acordo de 2016 v\u00e1lido por dois anos uma vit\u00f3ria, impedindo perdas salariais, j\u00e1 que, empres\u00e1rios, banqueiros e o governo Temer j\u00e1 anunciaram que n\u00e3o haver\u00e1 espa\u00e7o para reajustes de sal\u00e1rios em 2017.<\/p>\n<p><strong>Sim, tem campanha<\/strong><\/p>\n<p>Quem imagina que n\u00e3o haver\u00e1 campanha nacional da categoria este ano, pelo fato dos \u00edndices remunerat\u00f3rios j\u00e1 terem sido definidos na campanha de 2016, est\u00e1 redondamente enganado. Diante do desastre social da aprova\u00e7\u00e3o da reforma trabalhista e do projeto de terceiriza\u00e7\u00e3o e do desmonte dos bancos p\u00fablicos, a campanha de 2017 tem uma relev\u00e2ncia ainda maior: Primeiro, defender o emprego e garantir aos banc\u00e1rios e banc\u00e1rias os direitos j\u00e1 conquistados. Mas tamb\u00e9m impedir que os bancos rasquem a \u00fanica conven\u00e7\u00e3o coletiva com alcance nacional do pa\u00eds e organizar a luta dos trabalhadores para derrotar as reformas e o processo de desmantelamento do estado e da mais importante rede de prote\u00e7\u00e3o social conquistada pelo povo brasileiro, a CLT, a Consolida\u00e7\u00e3o das Leis do Trabalho. Fortalecer a representa\u00e7\u00e3o sindical das categorias \u00e9 outro desafio, diante de uma avalanche de medidas previstas na reforma trabalhista que priorizam a negocia\u00e7\u00e3o individual. Claro. Sozinho, o empregado n\u00e3o ter\u00e1 for\u00e7as para negociar e ter\u00e1 de se submeter \u00e0s imposi\u00e7\u00f5es do patr\u00e3o.<\/p>\n<p><strong>Organizar a luta<\/strong><\/p>\n<p>A Confer\u00eancia contou com a participa\u00e7\u00e3o tamb\u00e9m de parlamentares, t\u00e9cnicos do Dieese e acad\u00eamicos, como o soci\u00f3logo e professor da UERJ, Emir Sader. Todos repudiaram a condena\u00e7\u00e3o de Luis In\u00e1cio Lula da Silva pelo juiz S\u00e9rgio Moro. Na avalia\u00e7\u00e3o dos participantes, a decis\u00e3o judicial, divulgada no dia da aprova\u00e7\u00e3o da reforma trabalhista, serviu para tirar a aten\u00e7\u00e3o do povo em rela\u00e7\u00e3o \u00e0 retirada de direitos e visa impedir tamb\u00e9m que o l\u00edder das pesquisas de opini\u00e3o seja candidato nas elei\u00e7\u00f5es presidenciais de 2018.<\/p>\n","protected":false},"excerpt":{"rendered":"<p>Banc\u00e1rios e banc\u00e1rias do Rio de Janeiro e Esp\u00edrito Santo realizaram na sexta, 14 e s\u00e1bado, 15, a 19\u00aa Confer\u00eancia Interestadual da categoria. Ao todo, 509 delegados participaram do encontro, lotando os audit\u00f3rios que sediaram o evento. Diante da mais dif\u00edcil conjuntura pol\u00edtica desde o regime militar e do maior ataque aos direitos dos trabalhadores [&hellip;]<\/p>\n","protected":false},"author":2,"featured_media":2648,"comment_status":"","ping_status":"","sticky":false,"template":"","format":"standard","meta":{"footnotes":""},"categories":[3],"tags":[],"class_list":["post-2649","post","type-post","status-publish","format-standard","has-post-thumbnail","hentry","category-noticias"],"_links":{"self":[{"href":"https:\/\/hostnetart.com.br\/baixada\/wp-json\/wp\/v2\/posts\/2649","targetHints":{"allow":["GET"]}}],"collection":[{"href":"https:\/\/hostnetart.com.br\/baixada\/wp-json\/wp\/v2\/posts"}],"about":[{"href":"https:\/\/hostnetart.com.br\/baixada\/wp-json\/wp\/v2\/types\/post"}],"author":[{"embeddable":true,"href":"https:\/\/hostnetart.com.br\/baixada\/wp-json\/wp\/v2\/users\/2"}],"replies":[{"embeddable":true,"href":"https:\/\/hostnetart.com.br\/baixada\/wp-json\/wp\/v2\/comments?post=2649"}],"version-history":[{"count":0,"href":"https:\/\/hostnetart.com.br\/baixada\/wp-json\/wp\/v2\/posts\/2649\/revisions"}],"wp:featuredmedia":[{"embeddable":true,"href":"https:\/\/hostnetart.com.br\/baixada\/wp-json\/wp\/v2\/media\/2648"}],"wp:attachment":[{"href":"https:\/\/hostnetart.com.br\/baixada\/wp-json\/wp\/v2\/media?parent=2649"}],"wp:term":[{"taxonomy":"category","embeddable":true,"href":"https:\/\/hostnetart.com.br\/baixada\/wp-json\/wp\/v2\/categories?post=2649"},{"taxonomy":"post_tag","embeddable":true,"href":"https:\/\/hostnetart.com.br\/baixada\/wp-json\/wp\/v2\/tags?post=2649"}],"curies":[{"name":"wp","href":"https:\/\/api.w.org\/{rel}","templated":true}]}}