{"id":2643,"date":"2017-07-17T19:13:13","date_gmt":"2017-07-17T22:13:13","guid":{"rendered":"https:\/\/hostnetart.com.br\/baixada\/sindicato-dos-bancarios-da-baixada-presente-na-19-conferencia-interestadual\/"},"modified":"2017-07-17T19:13:13","modified_gmt":"2017-07-17T22:13:13","slug":"sindicato-dos-bancarios-da-baixada-presente-na-19-conferencia-interestadual","status":"publish","type":"post","link":"https:\/\/hostnetart.com.br\/baixada\/sindicato-dos-bancarios-da-baixada-presente-na-19-conferencia-interestadual\/","title":{"rendered":"Sindicato dos Banc\u00e1rios da Baixada presente na 19\u00aa Confer\u00eancia Interestadual"},"content":{"rendered":"<p><strong>Banc\u00e1rios e Banc\u00e1rias do Rio e Esp\u00edrito Santo defenderam a unidade de todos os trabalhadores brasileiros para combater a retirada de direitos e o atentado \u00e0 democracia representado pelo projeto do atual governo<\/strong> <\/p>\n<p>A 19\u00aa Confer\u00eancia Interestadual dos Banc\u00e1rios e Banc\u00e1rias do Rio de Janeiro e Esp\u00edrito Santo foi realizada nos dias 14 e 15 de julho, no audit\u00f3rio do Sindicato dos banc\u00e1rios do Rio de Janeiro.<\/p>\n<p>Os debates centraram na necessidade de unidade da classe trabalhadora e na busca das formas de organiza\u00e7\u00e3o e comunica\u00e7\u00e3o com o povo brasileiro para enfrentar os impactos das reformas impostos pelo governo Michel Temer e sua base aliada no Congresso Nacional, e o Sindicato dos Banc\u00e1rios da Baixada Fluminense esteve presente.<\/p>\n<p><strong>Banc\u00e1rios atingidos<\/strong><\/p>\n<p>O presidente da CUT-RJ, Marcelo Rodrigues disse que a condena\u00e7\u00e3o de Lula tem como objetivo n\u00e3o apenas tirar o l\u00edder das pesquisas de inten\u00e7\u00e3o de votos da elei\u00e7\u00e3o em 2018, mas tirar a aten\u00e7\u00e3o das pessoas dos efeitos perversos da reforma trabalhista.<\/p>\n<p>&#8220;N\u00e3o foi por acaso que o juiz S\u00e9rgio Moro decidiu pela condena\u00e7\u00e3o de Lula no mesmo dia em que foi aprovada a reforma no Senado, foi tudo combinado. Criaram um fato pol\u00edtico, por via de uma condena\u00e7\u00e3o baseada em argumentos vazios, sem nenhuma prova, para tirar o foco dos efeitos perversos da reforma, para n\u00e3o levarmos este debate para a sociedade&#8221;, afirma.<\/p>\n<p>A ex-presidenta do Sindicato dos Banc\u00e1rios de S\u00e3o Paulo e atual vice-presidenta da Contraf-CUT e diretora executiva da CUT nacional, Juv\u00e2ndia Moreira, tamb\u00e9m criticou a decis\u00e3o de Moro.<\/p>\n<p>&#8220;Estamos vivendo uma ditadura, a politiza\u00e7\u00e3o do poder judici\u00e1rio, um atentado a nossa democracia&#8221;. A sindicalista atacou a precariza\u00e7\u00e3o do trabalho imposto por Temer.<\/p>\n<p>&#8220;Esta reforma regulariza o bico, precariza o trabalho e dificulta o acesso \u00e0 Justi\u00e7a do Trabalho. A empresa pode &#8216;pejotizar&#8217;, terceirizar, sem a presen\u00e7a dos sindicatos para negociar. Ningu\u00e9m mais vai receber hora extra. Extinguiram a incorpora\u00e7\u00e3o de fun\u00e7\u00e3o, que atinge em cheio, por exemplo, os funcion\u00e1rios do Banco do Brasil e da Caixa Econ\u00f4mica Federal, que depois de dez anos de trabalho tinha este direito&#8221;, denuncia.<\/p>\n<p><strong>Unidade dos trabalhadores<\/strong><\/p>\n<p>O presidente da Fetraf-RJ\/ES (Federa\u00e7\u00e3o dos Trabalhadores do Ramo Financeiro do Rio e Esp\u00edrito Santo), Nilton Dami\u00e3o, o Niltinho, destacou a presen\u00e7a dos 13 sindicatos e dos banc\u00e1rios de base na Confer\u00eancia. Defendeu ainda a reforma pol\u00edtica, criticando as reformando trabalhista e da Previd\u00eancia e lembrou que os bancos j\u00e1 est\u00e3o se antecipando a nova legisla\u00e7\u00e3o que retira direitos. &#8220;A Caixa, o BB e o Badesco est\u00e3o implementado PDVs \u2013 Planos de Demiss\u00e3o Volunt\u00e1ria \u2013 e isso j\u00e1 \u00e9 o in\u00edcio da terceiriza\u00e7\u00e3o e da pejotiza\u00e7\u00e3o, que \u00e9 demitir para contratar m\u00e3o-de-obra precarizada&#8221;, disse.<\/p>\n<p>Representantes das centrais sindicais, CUT, CTB, Intersindical e CSP Conlutas defenderam a unidade da classe trabalhadora para enfrentar o maior ataque aos direitos trabalhistas da hist\u00f3ria do pa\u00eds.<\/p>\n","protected":false},"excerpt":{"rendered":"<p>Banc\u00e1rios e Banc\u00e1rias do Rio e Esp\u00edrito Santo defenderam a unidade de todos os trabalhadores brasileiros para combater a retirada de direitos e o atentado \u00e0 democracia representado pelo projeto do atual governo A 19\u00aa Confer\u00eancia Interestadual dos Banc\u00e1rios e Banc\u00e1rias do Rio de Janeiro e Esp\u00edrito Santo foi realizada nos dias 14 e 15 [&hellip;]<\/p>\n","protected":false},"author":2,"featured_media":2642,"comment_status":"","ping_status":"","sticky":false,"template":"","format":"standard","meta":{"footnotes":""},"categories":[3],"tags":[],"class_list":["post-2643","post","type-post","status-publish","format-standard","has-post-thumbnail","hentry","category-noticias"],"_links":{"self":[{"href":"https:\/\/hostnetart.com.br\/baixada\/wp-json\/wp\/v2\/posts\/2643","targetHints":{"allow":["GET"]}}],"collection":[{"href":"https:\/\/hostnetart.com.br\/baixada\/wp-json\/wp\/v2\/posts"}],"about":[{"href":"https:\/\/hostnetart.com.br\/baixada\/wp-json\/wp\/v2\/types\/post"}],"author":[{"embeddable":true,"href":"https:\/\/hostnetart.com.br\/baixada\/wp-json\/wp\/v2\/users\/2"}],"replies":[{"embeddable":true,"href":"https:\/\/hostnetart.com.br\/baixada\/wp-json\/wp\/v2\/comments?post=2643"}],"version-history":[{"count":0,"href":"https:\/\/hostnetart.com.br\/baixada\/wp-json\/wp\/v2\/posts\/2643\/revisions"}],"wp:featuredmedia":[{"embeddable":true,"href":"https:\/\/hostnetart.com.br\/baixada\/wp-json\/wp\/v2\/media\/2642"}],"wp:attachment":[{"href":"https:\/\/hostnetart.com.br\/baixada\/wp-json\/wp\/v2\/media?parent=2643"}],"wp:term":[{"taxonomy":"category","embeddable":true,"href":"https:\/\/hostnetart.com.br\/baixada\/wp-json\/wp\/v2\/categories?post=2643"},{"taxonomy":"post_tag","embeddable":true,"href":"https:\/\/hostnetart.com.br\/baixada\/wp-json\/wp\/v2\/tags?post=2643"}],"curies":[{"name":"wp","href":"https:\/\/api.w.org\/{rel}","templated":true}]}}