{"id":2639,"date":"2017-07-14T18:50:15","date_gmt":"2017-07-14T21:50:15","guid":{"rendered":"https:\/\/hostnetart.com.br\/baixada\/temer-sanciona-reforma-trabalhista\/"},"modified":"2017-07-14T18:50:15","modified_gmt":"2017-07-14T21:50:15","slug":"temer-sanciona-reforma-trabalhista","status":"publish","type":"post","link":"https:\/\/hostnetart.com.br\/baixada\/temer-sanciona-reforma-trabalhista\/","title":{"rendered":"Temer sanciona reforma trabalhista"},"content":{"rendered":"<p><em>Menos de 48 horas depois de projeto passar pelo Senado, governo Temer sanciona reforma trabalhista, que entra em vigor em 120 dias<\/em><\/p>\n<p>\u00a0<br \/>O presidente Michel Temer (PMDB) sancionou, na tarde da quinta-feira (13), a nova legisla\u00e7\u00e3o trabalhista, a maior altera\u00e7\u00e3o da Consolida\u00e7\u00e3o das Leis do Trabalho (CLT) desde sua cria\u00e7\u00e3o. Em seu pronunciamento, Temer afirmou que conduz um &#8220;governo de di\u00e1logo&#8221; e que o projeto de lei sancionado \u00e9 reflexo dessa caracter\u00edstica. Abordou a situa\u00e7\u00e3o do pa\u00eds como de &#8220;suposta crise&#8221; e avaliou que em apenas 14 meses, seu governo est\u00e1 &#8220;revolucionando&#8221; o Brasil.<\/p>\n<p><strong>Fonte: Rede Brasil Atual<\/strong><\/p>\n","protected":false},"excerpt":{"rendered":"<p>Menos de 48 horas depois de projeto passar pelo Senado, governo Temer sanciona reforma trabalhista, que entra em vigor em 120 dias \u00a0O presidente Michel Temer (PMDB) sancionou, na tarde da quinta-feira (13), a nova legisla\u00e7\u00e3o trabalhista, a maior altera\u00e7\u00e3o da Consolida\u00e7\u00e3o das Leis do Trabalho (CLT) desde sua cria\u00e7\u00e3o. Em seu pronunciamento, Temer afirmou [&hellip;]<\/p>\n","protected":false},"author":2,"featured_media":2638,"comment_status":"","ping_status":"","sticky":false,"template":"","format":"standard","meta":{"footnotes":""},"categories":[3],"tags":[],"class_list":["post-2639","post","type-post","status-publish","format-standard","has-post-thumbnail","hentry","category-noticias"],"_links":{"self":[{"href":"https:\/\/hostnetart.com.br\/baixada\/wp-json\/wp\/v2\/posts\/2639","targetHints":{"allow":["GET"]}}],"collection":[{"href":"https:\/\/hostnetart.com.br\/baixada\/wp-json\/wp\/v2\/posts"}],"about":[{"href":"https:\/\/hostnetart.com.br\/baixada\/wp-json\/wp\/v2\/types\/post"}],"author":[{"embeddable":true,"href":"https:\/\/hostnetart.com.br\/baixada\/wp-json\/wp\/v2\/users\/2"}],"replies":[{"embeddable":true,"href":"https:\/\/hostnetart.com.br\/baixada\/wp-json\/wp\/v2\/comments?post=2639"}],"version-history":[{"count":0,"href":"https:\/\/hostnetart.com.br\/baixada\/wp-json\/wp\/v2\/posts\/2639\/revisions"}],"wp:featuredmedia":[{"embeddable":true,"href":"https:\/\/hostnetart.com.br\/baixada\/wp-json\/wp\/v2\/media\/2638"}],"wp:attachment":[{"href":"https:\/\/hostnetart.com.br\/baixada\/wp-json\/wp\/v2\/media?parent=2639"}],"wp:term":[{"taxonomy":"category","embeddable":true,"href":"https:\/\/hostnetart.com.br\/baixada\/wp-json\/wp\/v2\/categories?post=2639"},{"taxonomy":"post_tag","embeddable":true,"href":"https:\/\/hostnetart.com.br\/baixada\/wp-json\/wp\/v2\/tags?post=2639"}],"curies":[{"name":"wp","href":"https:\/\/api.w.org\/{rel}","templated":true}]}}