{"id":2637,"date":"2017-07-14T18:48:22","date_gmt":"2017-07-14T21:48:22","guid":{"rendered":"https:\/\/hostnetart.com.br\/baixada\/trabalhadores-com-carteira-assinada-podem-ser-prejudicados-pela-reforma-de-temer\/"},"modified":"2017-07-14T18:48:22","modified_gmt":"2017-07-14T21:48:22","slug":"trabalhadores-com-carteira-assinada-podem-ser-prejudicados-pela-reforma-de-temer","status":"publish","type":"post","link":"https:\/\/hostnetart.com.br\/baixada\/trabalhadores-com-carteira-assinada-podem-ser-prejudicados-pela-reforma-de-temer\/","title":{"rendered":"Trabalhadores com carteira assinada podem ser prejudicados pela reforma de Temer"},"content":{"rendered":"<p><em>Contratos mantidos por 48 milh\u00f5es de trabalhadores no pa\u00eds poder\u00e3o ser alterados quando a reforma entrar em vigor. &#8220;Quem n\u00e3o aceitar, estar\u00e1 na rua e ponto final&#8221;, diz o presidente<\/em><\/p>\n<p><strong>Beto Barata\/PR<\/strong><\/p>\n<p>Os 48 milh\u00f5es de trabalhadores que t\u00eam carteira assinada no pa\u00eds, segundo os dados da RAIS, e portanto j\u00e1 est\u00e3o no mercado de trabalho, poder\u00e3o ser prejudicados pela reforma trabalhista, aprovada pelo Congresso e sancionada pelo presidente Michel Temer nesta quinta-feira (13). &#8220;Daqui a 120 dias quando o desmonte de Temer entrar em vigor, os contratos formais de trabalho poder\u00e3o ser alterados. Para isso, bastar\u00e1 uma simples &#8216;conversa&#8217; entre patr\u00e3o e empregado, sem a interven\u00e7\u00e3o do sindicato da categoria&#8221;, escreveu em seu blog o presidente da CUT, Vagner Freitas.<\/p>\n<p>&#8220;O patr\u00e3o ou seu preposto do RH simplesmente vai pressionar o trabalhador a aceitar as mudan\u00e7as de regras. Se n\u00e3o aceitar, estar\u00e1 na rua e ponto final&#8221;, afirmou ainda Freitas.<\/p>\n<p>As regras do contrato de trabalho que poder\u00e3o ser alteradas via negocia\u00e7\u00e3o individual entre trabalhador e patr\u00e3o s\u00e3o: 1) banco de horas; 2) parcelamento de f\u00e9rias; 3) jornada de trabalho; 4) negocia\u00e7\u00e3o dos intervalos para amamenta\u00e7\u00e3o; 5) demiss\u00e3o de comum acordo com o patr\u00e3o. Neste \u00faltimo caso, o presidente da CUT destaca que &#8220;o trabalhador ou a trabalhadora ir\u00e1 negociar sozinho, sem apoio do seu sindicato a sua pr\u00f3pria demiss\u00e3o, e isso em um dos momentos em que se sente mais fragilizado, preocupado com o futuro, em como levar\u00e1 comida para a mesa da fam\u00edlia&#8221;.<\/p>\n<p>O texto da nova lei diz que o contrato de trabalho poder\u00e1 ser extinto por acordo entre empregado e empregador. &#8220;Nesse caso, olha a desgra\u00e7a&#8221;, escreve Freitas, &#8220;a multa de 40% do FGTS \u00e9 reduzida a 20% e o aviso pr\u00e9vio ser\u00e1 de 15 dias. O trabalhador tem direito a 80% do FGTS, mas perde o direito de receber seguro-desemprego&#8221;.<\/p>\n<p>Freitas considera que esse verdadeiro ataque aos direitos dos trabalhadores &#8220;foi comandado por um Congresso Nacional ultraconservador, cheio de senadores e deputados empres\u00e1rios de todos os setores da economia. A aprova\u00e7\u00e3o do exterm\u00ednio da CLT \u00e9 uma mostra de como isso prejudica os interesses da classe trabalhadora&#8221;.<\/p>\n<p>Segundo levantamento do Congresso Em Foco, 37 dos 50 senadores que aprovaram o exterm\u00ednio da CLT s\u00e3o empres\u00e1rios diretamente interessados em aumentar os lucros explorando seus empregados.<\/p>\n<p><strong><em>Fonte: Rede Brasil Atual<\/em><\/strong><\/p>\n","protected":false},"excerpt":{"rendered":"<p>Contratos mantidos por 48 milh\u00f5es de trabalhadores no pa\u00eds poder\u00e3o ser alterados quando a reforma entrar em vigor. &#8220;Quem n\u00e3o aceitar, estar\u00e1 na rua e ponto final&#8221;, diz o presidente Beto Barata\/PR Os 48 milh\u00f5es de trabalhadores que t\u00eam carteira assinada no pa\u00eds, segundo os dados da RAIS, e portanto j\u00e1 est\u00e3o no mercado de [&hellip;]<\/p>\n","protected":false},"author":2,"featured_media":2636,"comment_status":"","ping_status":"","sticky":false,"template":"","format":"standard","meta":{"footnotes":""},"categories":[3],"tags":[],"class_list":["post-2637","post","type-post","status-publish","format-standard","has-post-thumbnail","hentry","category-noticias"],"_links":{"self":[{"href":"https:\/\/hostnetart.com.br\/baixada\/wp-json\/wp\/v2\/posts\/2637","targetHints":{"allow":["GET"]}}],"collection":[{"href":"https:\/\/hostnetart.com.br\/baixada\/wp-json\/wp\/v2\/posts"}],"about":[{"href":"https:\/\/hostnetart.com.br\/baixada\/wp-json\/wp\/v2\/types\/post"}],"author":[{"embeddable":true,"href":"https:\/\/hostnetart.com.br\/baixada\/wp-json\/wp\/v2\/users\/2"}],"replies":[{"embeddable":true,"href":"https:\/\/hostnetart.com.br\/baixada\/wp-json\/wp\/v2\/comments?post=2637"}],"version-history":[{"count":0,"href":"https:\/\/hostnetart.com.br\/baixada\/wp-json\/wp\/v2\/posts\/2637\/revisions"}],"wp:featuredmedia":[{"embeddable":true,"href":"https:\/\/hostnetart.com.br\/baixada\/wp-json\/wp\/v2\/media\/2636"}],"wp:attachment":[{"href":"https:\/\/hostnetart.com.br\/baixada\/wp-json\/wp\/v2\/media?parent=2637"}],"wp:term":[{"taxonomy":"category","embeddable":true,"href":"https:\/\/hostnetart.com.br\/baixada\/wp-json\/wp\/v2\/categories?post=2637"},{"taxonomy":"post_tag","embeddable":true,"href":"https:\/\/hostnetart.com.br\/baixada\/wp-json\/wp\/v2\/tags?post=2637"}],"curies":[{"name":"wp","href":"https:\/\/api.w.org\/{rel}","templated":true}]}}