{"id":2635,"date":"2017-07-14T18:46:32","date_gmt":"2017-07-14T21:46:32","guid":{"rendered":"https:\/\/hostnetart.com.br\/baixada\/senadores-empresarios-votam-contra-trabalhadores\/"},"modified":"2017-07-14T18:46:32","modified_gmt":"2017-07-14T21:46:32","slug":"senadores-empresarios-votam-contra-trabalhadores","status":"publish","type":"post","link":"https:\/\/hostnetart.com.br\/baixada\/senadores-empresarios-votam-contra-trabalhadores\/","title":{"rendered":"Senadores-empres\u00e1rios votam contra trabalhadores"},"content":{"rendered":"<p>Dos 50 senadores que votaram a favor da reforma trabalhista, aprovada na noite de ter\u00e7a-feira (11) em plen\u00e1rio, 37 t\u00eam participa\u00e7\u00e3o societ\u00e1ria em corpora\u00e7\u00f5es, a\u00e7\u00f5es ou possuem alguma empresa ou fazenda em seu nome \u2013 neste \u00faltimo caso, qualificando o parlamentar em quest\u00e3o como empres\u00e1rio devido \u00e0 rela\u00e7\u00e3o formal ou informal com a for\u00e7a de trabalho no meio rural.<\/p>\n<p>O total \u00e9 equivalente a 74% dos senadores que votaram favoravelmente \u00e0 reforma trabalhista patrocinada pelo governo Michel Temer, denunciado por corrup\u00e7\u00e3o passiva ao Supremo Tribunal Federal (STF). Na lista de propriedades ou a\u00e7\u00f5es, destacam-se as participa\u00e7\u00f5es societ\u00e1rias e fazendas dos senadores Ronaldo Caiado (DEM-GO), Tasso Jereissati (PSDB-CE) e Wilder Morais (PP-GO), tr\u00eas dos senadores mais ricos desta legislatura (2015-2018). Apenas os tr\u00eas senadores det\u00eam um patrim\u00f4nio declarado de centenas de milh\u00f5es de reais.<\/p>\n<p>Duas das mais numerosas bancadas do Senado, PSDB e PMDB s\u00e3o os partidos com mais senadores empres\u00e1rios ou acionistas de empresas ou corpora\u00e7\u00f5es cong\u00eaneres. S\u00e3o nove os peemedebistas no grupo de parlamentares-empres\u00e1rios, enquanto s\u00e3o sete os tucanos nessa situa\u00e7\u00e3o. S\u00e3o 13 os senadores que n\u00e3o constam como empres\u00e1rios ou detentores de a\u00e7\u00f5es, propriedades ou bens correlatos que os configurem como tal. Vale lembrar que h\u00e1 a hip\u00f3tese de registro de bens e t\u00edtulos diversos em nomes de familiares e terceiros, mas usufru\u00eddos pelos parlamentares. E, mais grave, oculta\u00e7\u00e3o de patrim\u00f4nio, o que descambaria para a pr\u00e1tica criminal.<\/p>\n<p>Os dados constam de levantamento realizado pelo site Congresso em Foco, onde \u00e9 poss\u00edvel ler a mat\u00e9ria completa e ver a rela\u00e7\u00e3o de senadores-empres\u00e1rios e seus respectivos bens, ou participa\u00e7\u00f5es societ\u00e1rias.<\/p>\n<p>Fonte: Congresso em Foco, com edi\u00e7\u00f5es da Contraf-CUT<\/p>\n","protected":false},"excerpt":{"rendered":"<p>Dos 50 senadores que votaram a favor da reforma trabalhista, aprovada na noite de ter\u00e7a-feira (11) em plen\u00e1rio, 37 t\u00eam participa\u00e7\u00e3o societ\u00e1ria em corpora\u00e7\u00f5es, a\u00e7\u00f5es ou possuem alguma empresa ou fazenda em seu nome \u2013 neste \u00faltimo caso, qualificando o parlamentar em quest\u00e3o como empres\u00e1rio devido \u00e0 rela\u00e7\u00e3o formal ou informal com a for\u00e7a de [&hellip;]<\/p>\n","protected":false},"author":2,"featured_media":2634,"comment_status":"","ping_status":"","sticky":false,"template":"","format":"standard","meta":{"footnotes":""},"categories":[3],"tags":[],"class_list":["post-2635","post","type-post","status-publish","format-standard","has-post-thumbnail","hentry","category-noticias"],"_links":{"self":[{"href":"https:\/\/hostnetart.com.br\/baixada\/wp-json\/wp\/v2\/posts\/2635","targetHints":{"allow":["GET"]}}],"collection":[{"href":"https:\/\/hostnetart.com.br\/baixada\/wp-json\/wp\/v2\/posts"}],"about":[{"href":"https:\/\/hostnetart.com.br\/baixada\/wp-json\/wp\/v2\/types\/post"}],"author":[{"embeddable":true,"href":"https:\/\/hostnetart.com.br\/baixada\/wp-json\/wp\/v2\/users\/2"}],"replies":[{"embeddable":true,"href":"https:\/\/hostnetart.com.br\/baixada\/wp-json\/wp\/v2\/comments?post=2635"}],"version-history":[{"count":0,"href":"https:\/\/hostnetart.com.br\/baixada\/wp-json\/wp\/v2\/posts\/2635\/revisions"}],"wp:featuredmedia":[{"embeddable":true,"href":"https:\/\/hostnetart.com.br\/baixada\/wp-json\/wp\/v2\/media\/2634"}],"wp:attachment":[{"href":"https:\/\/hostnetart.com.br\/baixada\/wp-json\/wp\/v2\/media?parent=2635"}],"wp:term":[{"taxonomy":"category","embeddable":true,"href":"https:\/\/hostnetart.com.br\/baixada\/wp-json\/wp\/v2\/categories?post=2635"},{"taxonomy":"post_tag","embeddable":true,"href":"https:\/\/hostnetart.com.br\/baixada\/wp-json\/wp\/v2\/tags?post=2635"}],"curies":[{"name":"wp","href":"https:\/\/api.w.org\/{rel}","templated":true}]}}