{"id":2631,"date":"2017-07-13T14:04:00","date_gmt":"2017-07-13T17:04:00","guid":{"rendered":"https:\/\/hostnetart.com.br\/baixada\/senadores-que-trairam-os-trabalhadores-votando-a-favor-da-reforma\/"},"modified":"2017-07-13T14:04:00","modified_gmt":"2017-07-13T17:04:00","slug":"senadores-que-trairam-os-trabalhadores-votando-a-favor-da-reforma","status":"publish","type":"post","link":"https:\/\/hostnetart.com.br\/baixada\/senadores-que-trairam-os-trabalhadores-votando-a-favor-da-reforma\/","title":{"rendered":"Senadores que tra\u00edram os trabalhadores, votando a favor da reforma"},"content":{"rendered":"<p>Apesar da resist\u00eancia de sindicalistas, dentro e fora do Senado, e das senadoras que ocuparam a mesa diretora da Casa, Gleisi Hoffmann (PT-PR), L\u00eddice da Mata (PSB-BA), Vanessa Grazziotin (PCdoB-AM), F\u00e1tima Bezerra (PT-RN) e Regina Sousa (PT-PI), o projeto da reforma trabalhista foi aprovado. Foram 50 votos a favor, 26, contra e uma absten\u00e7\u00e3o.<\/p>\n<p><strong>Os traidores<\/strong><\/p>\n<p>A\u00e9cio Neves (PSDB-MG), Antonio Anastasia (PSDB-MG), Armando Monteiro (PTB-PE), Ata\u00eddes Oliveira (PSDB-TO), Benedito de Lira (PP-AL), C\u00e1ssio Cunha Lima (PSDB-PB), Cidinho Santos (PR-MT), Ciro Nogueira (PP-PI), Cristovam Buarque (PPS-DF), Dalirio Beber (PSDB-SC), D\u00e1rio Berger (PMDB-SC), Davi Alcolumbre (DEM-AP), Edison Lob\u00e3o (PMDB-MA), Eduardo Lopes (PRB-RJ), Elmano F\u00e9rrer (PMDB-PI), Fernando Bezerra Coelho (PSB-PE), Flexa Ribeiro (PSDB-PA), Garibaldi Alves (PMDB-RN), Gladson Cameli (PP-AC), Ivo Cassol (PP-RO), Jader Barbalho (PMDB-PA), Jo\u00e3o Alberto Souza (PMDB-MA), Jos\u00e9 Agripino Maia (DEM-RN), Jos\u00e9 Maranh\u00e3o (PMDB-PB), Jos\u00e9 Medeiros (PSD-MT), Jos\u00e9 Serra (PSDB-SP), Lasier Martins (PSD-RS), Magno Malta (PR-ES), Marta Suplicy (PMDB-SP), Omar Aziz (PSD-AM), Paulo Bauer (PSDB-SC), Pedro Chaves (PSC-MS), Raimundo Lira (PMDB-PB), Ricardo Ferra\u00e7o (PSDB-ES), Roberto Muniz (PP-BA), Roberto Rocha (PSB-MA), Romero Juc\u00e1 (PMDB-RR), Ronaldo Caiado (DEM-GO), Rose de Freitas (PMDB-ES), S\u00e9rgio Petec\u00e3o (PSD-AC), Simone Tebet (PMDB-MS), Tasso Jereissati (PSDB-CE), Valdir Raupp (PMDB-RO), Vicentinho Alves (PR-TO), Waldemir Moka (PMDB-MS), Wellington Fagundes (PR-MT), Wilder Morais (PP-GO), Zez\u00e9 Perrella (PMDB-MG).<\/p>\n<p><strong>Votaram a favor dos trabalhadores<\/strong><\/p>\n<p>\u00c1lvaro Dias (Pode-PR), \u00c2ngela Portela (PDT-RR), Antonio Carlos Valadares (PSB-SE), Eduardo Amorim (PSDB-SE), Eduardo Braga (PMDB-AM), F\u00e1tima Bezerra (PT-RN), Fernando Collor (PTC-AL), Gleisi Hoffmann (PT-PR), Humberto Costa (PT-PE), Jo\u00e3o Capiberibe (PSB-AP), Jorge Viana (PT-AC), Jos\u00e9 Pimentel (PT-CE), K\u00e1tia Abreu (PMDB-TO), L\u00eddice da Mata (PSB-BA), Lindbergh Farias (PT-RJ), Otto Alencar (PSD-BA), Paulo Paim (PT-RS), Paulo Rocha (PT-PA), Randolfe Rodrigues (Rede-AP), Regina Sousa (PT-PI), Reguffe (sem partido-DF), Renan Calheiros (PMDB-AL), Roberto Requi\u00e3o (PMDB-PR), Rom\u00e1rio (Pode-RJ), Telm\u00e1rio Mota (PTB-RR) e Vanessa Grazziotin (PC do B-AM).<\/p>\n<p><strong>Absten\u00e7\u00e3o<\/strong><\/p>\n<p>L\u00facia V\u00e2nia (PSB-GO)<\/p>\n<p>N\u00e3o votou<\/p>\n<p>Eun\u00edcio Oliveira (PMDB-CE); como presidente do Senado, ele s\u00f3 votaria em caso de empate<\/p>\n<p>N\u00e3o compareceram<\/p>\n<p>Acir Gurgacz (PDT-RO)<\/p>\n<p>H\u00e9lio Jos\u00e9 (PMDB-DF)<\/p>\n<p>Maria do Carmo Alves (DEM-SE)<\/p>\n","protected":false},"excerpt":{"rendered":"<p>Apesar da resist\u00eancia de sindicalistas, dentro e fora do Senado, e das senadoras que ocuparam a mesa diretora da Casa, Gleisi Hoffmann (PT-PR), L\u00eddice da Mata (PSB-BA), Vanessa Grazziotin (PCdoB-AM), F\u00e1tima Bezerra (PT-RN) e Regina Sousa (PT-PI), o projeto da reforma trabalhista foi aprovado. Foram 50 votos a favor, 26, contra e uma absten\u00e7\u00e3o. Os [&hellip;]<\/p>\n","protected":false},"author":2,"featured_media":2630,"comment_status":"","ping_status":"","sticky":false,"template":"","format":"standard","meta":{"footnotes":""},"categories":[3],"tags":[],"class_list":["post-2631","post","type-post","status-publish","format-standard","has-post-thumbnail","hentry","category-noticias"],"_links":{"self":[{"href":"https:\/\/hostnetart.com.br\/baixada\/wp-json\/wp\/v2\/posts\/2631","targetHints":{"allow":["GET"]}}],"collection":[{"href":"https:\/\/hostnetart.com.br\/baixada\/wp-json\/wp\/v2\/posts"}],"about":[{"href":"https:\/\/hostnetart.com.br\/baixada\/wp-json\/wp\/v2\/types\/post"}],"author":[{"embeddable":true,"href":"https:\/\/hostnetart.com.br\/baixada\/wp-json\/wp\/v2\/users\/2"}],"replies":[{"embeddable":true,"href":"https:\/\/hostnetart.com.br\/baixada\/wp-json\/wp\/v2\/comments?post=2631"}],"version-history":[{"count":0,"href":"https:\/\/hostnetart.com.br\/baixada\/wp-json\/wp\/v2\/posts\/2631\/revisions"}],"wp:featuredmedia":[{"embeddable":true,"href":"https:\/\/hostnetart.com.br\/baixada\/wp-json\/wp\/v2\/media\/2630"}],"wp:attachment":[{"href":"https:\/\/hostnetart.com.br\/baixada\/wp-json\/wp\/v2\/media?parent=2631"}],"wp:term":[{"taxonomy":"category","embeddable":true,"href":"https:\/\/hostnetart.com.br\/baixada\/wp-json\/wp\/v2\/categories?post=2631"},{"taxonomy":"post_tag","embeddable":true,"href":"https:\/\/hostnetart.com.br\/baixada\/wp-json\/wp\/v2\/tags?post=2631"}],"curies":[{"name":"wp","href":"https:\/\/api.w.org\/{rel}","templated":true}]}}