{"id":2627,"date":"2017-07-12T17:56:50","date_gmt":"2017-07-12T20:56:50","guid":{"rendered":"https:\/\/hostnetart.com.br\/baixada\/brasil-agora-e-a-terra-do-desmonte-trabalhista\/"},"modified":"2017-07-12T17:56:50","modified_gmt":"2017-07-12T20:56:50","slug":"brasil-agora-e-a-terra-do-desmonte-trabalhista","status":"publish","type":"post","link":"https:\/\/hostnetart.com.br\/baixada\/brasil-agora-e-a-terra-do-desmonte-trabalhista\/","title":{"rendered":"Brasil agora \u00e9 a terra do desmonte trabalhista"},"content":{"rendered":"<p><em>Movimentos sindical, social e oposi\u00e7\u00e3o ao governo resistiram por mais de seis horas, tentando votar destaques que remeteriam projeto de volta \u00e0 C\u00e2mara, mas base de Temer composta majoritariamente por PMDB e PSDB n\u00e3o quis debate: atropelou e aprovou retirada de direitos; veja como cada senador votou<\/em><br \/>\u00a0<\/p>\n<p><strong>Cl\u00e1udia Motta, Spbancarios<\/strong><br \/>\u00a0<\/p>\n<p>O dia 11 de julho de 2017 vai entrar para a hist\u00f3ria do Brasil como a data em que os trabalhadores come\u00e7aram a perder todos os seus direitos.<\/p>\n<p>Por 50 votos a favor, 26 contra e uma absten\u00e7\u00e3o, os senadores aprovaram o PLC 38\/2017, o desmonte trabalhista de autoria do governo Temer, com apoio de banqueiros, maus empres\u00e1rios e industri\u00e1rios (veja como votou cada um dos senadores).<\/p>\n<p>Ivone Silva, presidenta do Sindicato, lamentou. &#8220;Travamos toda luta que esteve ao alcance dos movimentos social e sindical, mas, a partir de agora, direitos duramente defendidos pelos trabalhadores no dia a dia da rela\u00e7\u00e3o desigual entre empregados e patr\u00f5es deixar\u00e3o de existir&#8221;, disse. &#8220;Estivemos em Bras\u00edlia na defesa dos direitos dos banc\u00e1rios, mas os que mais lucram nesse pa\u00eds venceram e v\u00e3o lucrar muito mais, agora \u00e0 custa da precariza\u00e7\u00e3o do trabalho.&#8221;<\/p>\n<p>A dirigente afirma, no entanto, que o momento \u00e9 de os trabalhadores aumentarem ainda mais a mobiliza\u00e7\u00e3o. &#8220;Os banc\u00e1rios s\u00e3o uma categoria forte e temos de nos manter unidos e organizados, reagindo pontualmente a cada tentativa de retira de direitos. N\u00e3o vamos aceitar calados que os bancos avancem contra nossas conquistas.&#8221;<\/p>\n<p>Resist\u00eancia \u2013 Senadoras de partidos de oposi\u00e7\u00e3o ao governo Temer \u2013 Gleisi Hoffmann (PT-PR), Vanessa Grazziotin (PCdoB-AM), F\u00e1tima Bezerra (PT-RN), Regina Sousa (PT-PI), L\u00eddice da Mata (PSB-BA) \u2013 ocuparam a mesa do Senado, na tentativa de conduzir uma vota\u00e7\u00e3o que garantisse amplo debate. O presidente da Casa, Eun\u00edcio Oliveira, mandou cortar os microfones e apagar as luzes do plen\u00e1rio.<\/p>\n<p>Foram mais de seis horas de resist\u00eancia na tentativa de incluir pelo menos um destaque para levar a reforma a debate \u2013 contra a autoriza\u00e7\u00e3o de gestantes e lactantes trabalharem em ambientes insalubres. Os senadores governistas \u2013 principalmente do PSDB e PMDB \u2013 n\u00e3o queriam nenhuma mudan\u00e7a, porque isso remeteria o texto novamente a discuss\u00e3o na C\u00e2mara dos Deputados.<\/p>\n<p>&#8220;Eles queriam a aprova\u00e7\u00e3o r\u00e1pida do desmonte trabalhista porque sabem que se houvesse mais debates ficariam expostos aos eleitores. Se os brasileiros se interessarem pelo que fazem seus parlamentares, esses deputados e senadores que votaram a favor da reforma trabalhista nunca mais ser\u00e3o eleitos&#8221;, ressalta a presidenta do Sindicato.<\/p>\n<p>Reforma burra \u2013 Al\u00e9m de retirar direitos dos trabalhadores (veja abaixo), a reforma trabalhista que na verdade \u00e9 um desmonte da Consolida\u00e7\u00e3o das Leis do Trabalho ser\u00e1 nociva tamb\u00e9m para o pa\u00eds. &#8220;Esse desmonte vai aumentar a rotatividade, rebaixar sal\u00e1rios e isso ter\u00e1 um efeito cascata sobre a economia nacional&#8221;, alerta Ivone.<\/p>\n<p>Estudo feito pelo Centro de Estudos Sindicais e de Economia da Unicamp) aponta que a reforma trabalhista de Temer n\u00e3o traz um \u00fanico ponto que beneficie o trabalhador. E refor\u00e7a o preju\u00edzo ao Brasil: &#8220;o estreitamento do mercado de consumo pela aus\u00eancia de demanda for\u00e7ar\u00e1, necessariamente, um processo de reconcentra\u00e7\u00e3o de renda em m\u00e3os do capital, comprometendo o pr\u00f3prio desenvolvimento e aumentando os n\u00edveis de pobreza&#8221;.<\/p>\n<p>&#8220;Voltaremos a ser um Estado ref\u00e9m do capital externo, ainda mais dependentes dos altos juros cobrados pelos bancos privados, os principais interessados nesse desmonte&#8221;, completa a dirigente. &#8220;Isso s\u00f3 interessa a setores que j\u00e1 ganham muito \u00e0 custa dos trabalhadores e do povo brasileiro.&#8221;<\/p>\n<p>Todos contra \u2013 O argumento de moderniza\u00e7\u00e3o e cria\u00e7\u00e3o de empregos, utilizado pelos defensores do desmonte, \u00e9 atacado pelas principais autoridades da \u00e1rea de trabalho.<\/p>\n<p>Al\u00e9m de milh\u00f5es de trabalhadores em todo Brasil, posicionaram-se contra a reforma trabalhista de Temer autoridades no assunto e entidades como a Organiza\u00e7\u00e3o Internacional do Trabalho (OIT), Ordem dos Advogados do Brasil (OAB) a Associa\u00e7\u00e3o Nacional dos Magistrados do Trabalho (Anamatra), ju\u00edzes do Tribunal Superior do Trabalho, o Minist\u00e9rio P\u00fablico do Trabalho, o Departamento Intersindical de Estat\u00edstica e Estudos Socioecon\u00f4micos (Dieese), o Centro de Estudos Sindicais e de Economia (o Cesit, da Unicamp).<\/p>\n","protected":false},"excerpt":{"rendered":"<p>Movimentos sindical, social e oposi\u00e7\u00e3o ao governo resistiram por mais de seis horas, tentando votar destaques que remeteriam projeto de volta \u00e0 C\u00e2mara, mas base de Temer composta majoritariamente por PMDB e PSDB n\u00e3o quis debate: atropelou e aprovou retirada de direitos; veja como cada senador votou\u00a0 Cl\u00e1udia Motta, Spbancarios\u00a0 O dia 11 de julho [&hellip;]<\/p>\n","protected":false},"author":2,"featured_media":2626,"comment_status":"","ping_status":"","sticky":false,"template":"","format":"standard","meta":{"footnotes":""},"categories":[3],"tags":[],"class_list":["post-2627","post","type-post","status-publish","format-standard","has-post-thumbnail","hentry","category-noticias"],"_links":{"self":[{"href":"https:\/\/hostnetart.com.br\/baixada\/wp-json\/wp\/v2\/posts\/2627","targetHints":{"allow":["GET"]}}],"collection":[{"href":"https:\/\/hostnetart.com.br\/baixada\/wp-json\/wp\/v2\/posts"}],"about":[{"href":"https:\/\/hostnetart.com.br\/baixada\/wp-json\/wp\/v2\/types\/post"}],"author":[{"embeddable":true,"href":"https:\/\/hostnetart.com.br\/baixada\/wp-json\/wp\/v2\/users\/2"}],"replies":[{"embeddable":true,"href":"https:\/\/hostnetart.com.br\/baixada\/wp-json\/wp\/v2\/comments?post=2627"}],"version-history":[{"count":0,"href":"https:\/\/hostnetart.com.br\/baixada\/wp-json\/wp\/v2\/posts\/2627\/revisions"}],"wp:featuredmedia":[{"embeddable":true,"href":"https:\/\/hostnetart.com.br\/baixada\/wp-json\/wp\/v2\/media\/2626"}],"wp:attachment":[{"href":"https:\/\/hostnetart.com.br\/baixada\/wp-json\/wp\/v2\/media?parent=2627"}],"wp:term":[{"taxonomy":"category","embeddable":true,"href":"https:\/\/hostnetart.com.br\/baixada\/wp-json\/wp\/v2\/categories?post=2627"},{"taxonomy":"post_tag","embeddable":true,"href":"https:\/\/hostnetart.com.br\/baixada\/wp-json\/wp\/v2\/tags?post=2627"}],"curies":[{"name":"wp","href":"https:\/\/api.w.org\/{rel}","templated":true}]}}