{"id":2625,"date":"2017-07-12T17:54:08","date_gmt":"2017-07-12T20:54:08","guid":{"rendered":"https:\/\/hostnetart.com.br\/baixada\/e-agora\/"},"modified":"2017-07-12T17:54:08","modified_gmt":"2017-07-12T20:54:08","slug":"e-agora","status":"publish","type":"post","link":"https:\/\/hostnetart.com.br\/baixada\/e-agora\/","title":{"rendered":"E agora?"},"content":{"rendered":"<p>O governo Temer aprovou na noite desta ter\u00e7a-feira, 11 de julho, no Senado, a reforma trabalhista, o maior ataque aos direitos dos trabalhadores na hist\u00f3ria de nosso pa\u00eds. A derrota n\u00e3o anula a resist\u00eancia heroica de senadoras e demais parlamentares da oposi\u00e7\u00e3o e da press\u00e3o dos sindicatos no Congresso Nacional, em Bras\u00edlia, que lutaram at\u00e9 o fim com coragem e dignidade.<\/p>\n<p>Temer e sua tropa aliada rasgaram a CLT (Consolida\u00e7\u00e3o das Leis do Trabalho), a mais importante rede de prote\u00e7\u00e3o social em s\u00e9culos de nossa hist\u00f3ria.<\/p>\n<p>Mas a guerra n\u00e3o acabou. O povo luta ainda para impedir que o projeto da reforma da Previd\u00eancia tamb\u00e9m passe no Congresso e o PMDB, PSDB e DEM concluam o projeto neoliberal e privatizem empresas e bancos p\u00fablicos. Eles querem o estado m\u00ednimo para os pobres para que toda a riqueza e o patrim\u00f4nio p\u00fablico e natural estejam inteiramente nas m\u00e3os dos ricos.<\/p>\n<p>Os trabalhadores t\u00eam a obriga\u00e7\u00e3o moral de derrubar Temer antes mesmo que ele sancione este projeto de Lei criado e aprovado para bajular banqueiros, empreiteiros, especuladores e empres\u00e1rios.<\/p>\n<p>\u00c9 preciso resistir e derrubar este governo golpista, moribundo, perverso e corrupto, sem um \u00fanico voto popular, sem moral e sem legitimidade e que envergonha o Brasil diante de uma opini\u00e3o p\u00fablica internacional estarrecida e indignada.<\/p>\n<p>Como o Sindicato desde o princ\u00edpio tanto alertou, o golpe n\u00e3o foi apenas contra um governo democr\u00e1tico, mas principalmente contra n\u00f3s, trabalhadores e trabalhadoras.<\/p>\n<p>A democracia foi roubada por que este governo surrupiou o poder para atender, unicamente, \u00e0 gan\u00e2ncia de uma elite cruel e desumana que v\u00ea em nossas terras continentais apenas a col\u00f4nia e uma massa de m\u00e3o-de-obra para ser explorada, aviltada e desprezada.<\/p>\n<p>Aprovaram um projeto que precariza ainda mais as condi\u00e7\u00f5es de trabalho, oficializa o subemprego e traz ainda mais sofrimento ao j\u00e1 t\u00e3o humilhado povo brasileiro. Entregam um pa\u00eds mais pobre, dependente e submisso aos interesses internacionais. Caminham com uma pressa desmedida para o desmonte absoluto do estado social brasileiro, conquistado h\u00e1 quase 90 anos por compatriotas que deram seu suor, sangue e at\u00e9 a vida pela democracia e pelos direitos de nosso povo.<\/p>\n<p>Derrubar Temer sim, mas n\u00e3o para entregar a na\u00e7\u00e3o ao seu par similar Rodrigo Maia (DEM). S\u00f3 h\u00e1 uma sa\u00edda. Garantir elei\u00e7\u00f5es diretas e j\u00e1 a fim de que o poder possa emanar verdadeiramente da vontade popular, como prev\u00ea e garante a Constitui\u00e7\u00e3o Federal.<\/p>\n<p>Agora, mais do que em qualquer outra \u00e9poca da hist\u00f3ria, \u00e9 necess\u00e1rio unificar a classe trabalhadora, fortalecer as representa\u00e7\u00f5es sindicais e lutar por uma ruptura do atual modelo econ\u00f4mico e pol\u00edtico que fecha um ciclo podre e vergonhoso. \u00c9 hora de reconstruir ideais para passar esse pa\u00eds a limpo e tornar o Brasil uma na\u00e7\u00e3o justa e soberana. O sonho n\u00e3o acabou. Diretas, J\u00e1.<\/p>\n","protected":false},"excerpt":{"rendered":"<p>O governo Temer aprovou na noite desta ter\u00e7a-feira, 11 de julho, no Senado, a reforma trabalhista, o maior ataque aos direitos dos trabalhadores na hist\u00f3ria de nosso pa\u00eds. A derrota n\u00e3o anula a resist\u00eancia heroica de senadoras e demais parlamentares da oposi\u00e7\u00e3o e da press\u00e3o dos sindicatos no Congresso Nacional, em Bras\u00edlia, que lutaram at\u00e9 [&hellip;]<\/p>\n","protected":false},"author":2,"featured_media":2624,"comment_status":"","ping_status":"","sticky":false,"template":"","format":"standard","meta":{"footnotes":""},"categories":[3],"tags":[],"class_list":["post-2625","post","type-post","status-publish","format-standard","has-post-thumbnail","hentry","category-noticias"],"_links":{"self":[{"href":"https:\/\/hostnetart.com.br\/baixada\/wp-json\/wp\/v2\/posts\/2625","targetHints":{"allow":["GET"]}}],"collection":[{"href":"https:\/\/hostnetart.com.br\/baixada\/wp-json\/wp\/v2\/posts"}],"about":[{"href":"https:\/\/hostnetart.com.br\/baixada\/wp-json\/wp\/v2\/types\/post"}],"author":[{"embeddable":true,"href":"https:\/\/hostnetart.com.br\/baixada\/wp-json\/wp\/v2\/users\/2"}],"replies":[{"embeddable":true,"href":"https:\/\/hostnetart.com.br\/baixada\/wp-json\/wp\/v2\/comments?post=2625"}],"version-history":[{"count":0,"href":"https:\/\/hostnetart.com.br\/baixada\/wp-json\/wp\/v2\/posts\/2625\/revisions"}],"wp:featuredmedia":[{"embeddable":true,"href":"https:\/\/hostnetart.com.br\/baixada\/wp-json\/wp\/v2\/media\/2624"}],"wp:attachment":[{"href":"https:\/\/hostnetart.com.br\/baixada\/wp-json\/wp\/v2\/media?parent=2625"}],"wp:term":[{"taxonomy":"category","embeddable":true,"href":"https:\/\/hostnetart.com.br\/baixada\/wp-json\/wp\/v2\/categories?post=2625"},{"taxonomy":"post_tag","embeddable":true,"href":"https:\/\/hostnetart.com.br\/baixada\/wp-json\/wp\/v2\/tags?post=2625"}],"curies":[{"name":"wp","href":"https:\/\/api.w.org\/{rel}","templated":true}]}}