{"id":2619,"date":"2017-07-11T17:32:42","date_gmt":"2017-07-11T20:32:42","guid":{"rendered":"https:\/\/hostnetart.com.br\/baixada\/banco-do-brasil-anuncia-r-103-bilhoes-para-plano-safra-2017-2018\/"},"modified":"2017-07-11T17:32:42","modified_gmt":"2017-07-11T20:32:42","slug":"banco-do-brasil-anuncia-r-103-bilhoes-para-plano-safra-2017-2018","status":"publish","type":"post","link":"https:\/\/hostnetart.com.br\/baixada\/banco-do-brasil-anuncia-r-103-bilhoes-para-plano-safra-2017-2018\/","title":{"rendered":"Banco do Brasil anuncia R$ 103 bilh\u00f5es para Plano Safra 2017\/2018"},"content":{"rendered":"<p>O Banco do Brasil anunciou hoje (11) que vai destinar R$ 103 bilh\u00f5es de recursos para o Plano Safra 2017\/2018. O an\u00fancio foi feito em cerim\u00f4nia no Centro Cultural Banco do Brasil, em Bras\u00edlia, e \u00e9 um detalhamento do Plano Safra lan\u00e7ado oficialmente no in\u00edcio do m\u00eas. O Banco do Brasil \u00e9 um dos agentes financiadores.<\/p>\n<p>A maior parte dos recursos, R$ 91,5 bilh\u00f5es, ser\u00e1 para o cr\u00e9dito rural aos produtores e cooperativas. Deste montante, R$ 72,1 bilh\u00f5es ser\u00e3o direcionados para opera\u00e7\u00f5es de custeio e comercializa\u00e7\u00e3o e R$ 19,4 bilh\u00f5es para cr\u00e9ditos de investimento agropecu\u00e1rio. J\u00e1 os R$ 11,5 bilh\u00f5es restantes ser\u00e3o destinados \u00e0s empresas da cadeia do agroneg\u00f3cio.<\/p>\n<p>Entre os destaques est\u00e1 a redu\u00e7\u00e3o das taxas em um ponto percentual para linhas de custeio, investimento e comercializa\u00e7\u00e3o para a agricultura empresarial. O m\u00e9dio produtor rural ter\u00e1 direito \u00e0 fatia de R$ 15,5 bilh\u00f5es pelo Programa Nacional de Apoio ao M\u00e9dio Produtor Rural.<\/p>\n<p>J\u00e1 a agricultura familiar ter\u00e1, pelo Programa Nacional de Fortalecimento da Agricultura Familiar (Pronaf), R$ 14,6 bilh\u00f5es. Ser\u00e3o mantidas as taxas de financiamento de 2,5% a 5,5% ao ano. A linha de cr\u00e9dito Pronaf Mais Alimentos ter\u00e1 R$ 6,5 bilh\u00f5es. O Programa Agricultura de Baixo Carbono ter\u00e1 R$ 1,5 bilh\u00f5es em financiamento.<\/p>\n<p>Outro R$ 1 bilh\u00e3o ser\u00e1 voltado para o Programa de Constru\u00e7\u00e3o e Amplia\u00e7\u00e3o de Armaz\u00e9ns. Ser\u00e1 ofertado tamb\u00e9m R$ 1 bilh\u00e3o por meio do Programa de Incentivo \u00e0 Inova\u00e7\u00e3o Tecnol\u00f3gica na Produ\u00e7\u00e3o Agropecu\u00e1ria (Inovagro). A abrang\u00eancia do programa foi ampliada e inclui agora equipamentos de agricultura de precis\u00e3o e de sistemas de conectividade para a gest\u00e3o das atividades agropecu\u00e1rias, entre as atividades financiadas.<\/p>\n<p>O Banco do Brasil estima aplicar R$ 700 milh\u00f5es para opera\u00e7\u00f5es de investimento pelo Programa de Moderniza\u00e7\u00e3o da Frota de Tratores Agr\u00edcolas e Implementos Associados e Colheitadeiras (Moderfrota).<\/p>\n<p>A cerim\u00f4nia contou com a presen\u00e7a do presidente Michel Temer que, em seu discurso, ressaltou a import\u00e2ncia do setor: &#8220;Nosso agroneg\u00f3cio nos estimula a superar a crise que herdamos&#8221;, disse o presidente Michel Temer.<\/p>\n<p><strong>Safra<\/strong><\/p>\n<p>O ministro da Agricultura, Pecu\u00e1ria e Abastecimento (Mapa), Blairo Maggi, comemorou os resultados agr\u00edcolas e se mostrou otimista sobre a quebra de recordes. Hoje a Companhia Nacional de Abastecimento (Conab) divulgou a previs\u00e3o de que produ\u00e7\u00e3o de gr\u00e3os para a safra 2016\/17 pode chegar a 237,2 milh\u00f5es de toneladas, com aumento de 27,1% ou 50,6 milh\u00f5es de toneladas frente a safra passada (186,6 milh\u00f5es de toneladas). Os n\u00fameros s\u00e3o da 10\u00aa estimativa da atual safra.<\/p>\n<p>&#8220;Cada vez mais os n\u00fameros crescem&#8221;, disse o ministro. Seguindo estimativas, ele acredita que a safra poder\u00e1 chegar a 240 milh\u00f5es de toneladas. &#8220;Esse \u00e9 o tamanho da safra que o Brasil ter\u00e1. S\u00e3o 113 milh\u00f5es de toneladas de soja, 97 milh\u00f5es de toneladas de milho e muito provavelmente a gente consiga chegar a 100 milh\u00f5es de toneladas de milho. Recorde na agricultura brasileira&#8221;.<\/p>\n<p>&#8220;Uma safra se faz com planejamento. Sabemos que se n\u00e3o houver planejamento nas compras dos insumos, financiamento na hora certa, n\u00e3o adianta S\u00e3o Pedro colaborar que n\u00e3o vamos ter condi\u00e7\u00f5es de fazer&#8221;, disse o ministro que acrescentou: &#8220;A parte do governo estamos com ela totalmente pronta para uma nova e grande safra&#8221;.<\/p>\n<p>Para Maggi, o pa\u00eds deve fortalecer as exporta\u00e7\u00f5es: &#8220;O principal neg\u00f3cio de um pa\u00eds \u00e9 fazer neg\u00f3cio fora do pa\u00eds. \u00c9 a\u00ed que vamos crescer&#8221;, disse no discurso. &#8220;O mercado n\u00e3o se faz dando beijinhos e dando abra\u00e7os. O mercado se conquista na cotovelada e na butina. \u00c9 assim que tem que ser feito. Claro que dentro das regras&#8221;.<\/p>\n<p>\u00a0<\/p>\n<p><strong>Felipe Pontes e Mariana Tokarnia \u2013 Rep\u00f3rteres da Ag\u00eancia Brasil<\/strong><\/p>\n","protected":false},"excerpt":{"rendered":"<p>O Banco do Brasil anunciou hoje (11) que vai destinar R$ 103 bilh\u00f5es de recursos para o Plano Safra 2017\/2018. O an\u00fancio foi feito em cerim\u00f4nia no Centro Cultural Banco do Brasil, em Bras\u00edlia, e \u00e9 um detalhamento do Plano Safra lan\u00e7ado oficialmente no in\u00edcio do m\u00eas. O Banco do Brasil \u00e9 um dos agentes [&hellip;]<\/p>\n","protected":false},"author":2,"featured_media":2618,"comment_status":"","ping_status":"","sticky":false,"template":"","format":"standard","meta":{"footnotes":""},"categories":[3],"tags":[],"class_list":["post-2619","post","type-post","status-publish","format-standard","has-post-thumbnail","hentry","category-noticias"],"_links":{"self":[{"href":"https:\/\/hostnetart.com.br\/baixada\/wp-json\/wp\/v2\/posts\/2619","targetHints":{"allow":["GET"]}}],"collection":[{"href":"https:\/\/hostnetart.com.br\/baixada\/wp-json\/wp\/v2\/posts"}],"about":[{"href":"https:\/\/hostnetart.com.br\/baixada\/wp-json\/wp\/v2\/types\/post"}],"author":[{"embeddable":true,"href":"https:\/\/hostnetart.com.br\/baixada\/wp-json\/wp\/v2\/users\/2"}],"replies":[{"embeddable":true,"href":"https:\/\/hostnetart.com.br\/baixada\/wp-json\/wp\/v2\/comments?post=2619"}],"version-history":[{"count":0,"href":"https:\/\/hostnetart.com.br\/baixada\/wp-json\/wp\/v2\/posts\/2619\/revisions"}],"wp:featuredmedia":[{"embeddable":true,"href":"https:\/\/hostnetart.com.br\/baixada\/wp-json\/wp\/v2\/media\/2618"}],"wp:attachment":[{"href":"https:\/\/hostnetart.com.br\/baixada\/wp-json\/wp\/v2\/media?parent=2619"}],"wp:term":[{"taxonomy":"category","embeddable":true,"href":"https:\/\/hostnetart.com.br\/baixada\/wp-json\/wp\/v2\/categories?post=2619"},{"taxonomy":"post_tag","embeddable":true,"href":"https:\/\/hostnetart.com.br\/baixada\/wp-json\/wp\/v2\/tags?post=2619"}],"curies":[{"name":"wp","href":"https:\/\/api.w.org\/{rel}","templated":true}]}}