{"id":2615,"date":"2017-07-11T15:47:38","date_gmt":"2017-07-11T18:47:38","guid":{"rendered":"https:\/\/hostnetart.com.br\/baixada\/19-conferencia-interestadual-dias-14-e-15-de-julho\/"},"modified":"2017-07-11T15:47:38","modified_gmt":"2017-07-11T18:47:38","slug":"19-conferencia-interestadual-dias-14-e-15-de-julho","status":"publish","type":"post","link":"https:\/\/hostnetart.com.br\/baixada\/19-conferencia-interestadual-dias-14-e-15-de-julho\/","title":{"rendered":"19\u00aa Confer\u00eancia Interestadual dias 14 e 15 de Julho"},"content":{"rendered":"<p>Os banc\u00e1rios do Rio de Janeiro e do Esp\u00edrito Santo t\u00eam encontro marcado para discutir as propostas da base da Fetraf-RJ\/ES para o evento nacional da categoria. A 19\u00aa Confer\u00eancia Interestadual dos Banc\u00e1rios do RJ e ES acontece no Rio de Janeiro, nos dias 14 e 15 de julho.<\/p>\n<p>Pela primeira vez a Confer\u00eancia Interestadual ser\u00e1 realizada em dois dias.<\/p>\n<p>\u00a0<\/p>\n<p><strong>DIA 14 DE JULHO (SEXTA-FEIRA)<\/strong><\/p>\n<p>A abertura, na sexta-feira dia 14, ser\u00e1 no audit\u00f3rio do Sindicato dos Banc\u00e1rios do Rio de Janeiro (Av. Presidente Vargas, 502 \u2013 21\u00ba).<\/p>\n<p>\u00a0<\/p>\n<p><strong>DIA 15 DE JULHO (S\u00c1BADO)<\/strong> <\/p>\n<p>A Confer\u00eancia acontecer\u00e1 no centro de conven\u00e7\u00f5es do Prodigy Hotel Santos Dumont Airport (Av. Almirante Silvio de Noronha, 365, atr\u00e1s do aeroporto Santos Dumont).<\/p>\n<p>\u00a0<\/p>\n<p><strong>CREDENCIAMENTO<\/strong> <\/p>\n<p>Para o credenciamento \u00e9 preciso apresentar crach\u00e1 funcional ou \u00faltimo contracheque acompanhado de documento oficial com foto. O per\u00edodo de credenciamento ser\u00e1 das 18h \u00e0s 21h do dia 14 e das 8h \u00e0s 12h do dia 15\/07. Quem perder os prazos poder\u00e1 participar apenas como observador.<\/p>\n<p>\u00a0<\/p>\n<p><strong>SINDICATO DOS BANC\u00c1RIOS DA BAIXADA FLUMINENSE<\/strong><\/p>\n<p>Com o objetivo de incentivar a participa\u00e7\u00e3o do banc\u00e1rio da Baixada, o Sindicato dos Banc\u00e1rios da Baixada Fluminense resolve:<\/p>\n<p>1) Ser\u00e1 fornecida uma di\u00e1ria de R$ 60 por banc\u00e1rio<\/p>\n<p>2) O banc\u00e1rio que for de carro levando mais 3 pessoas de carona consigo, tamb\u00e9m ter\u00e1 um aux\u00edlio para gasolina\/estacionamento no valor de R$ 40.<\/p>\n<p>OBS: Para receber o aux\u00edlio , os 4 banc\u00e1rios dever\u00e3o assinar o verso da nota fiscal onde deve constar: nome completo, ag\u00eancia e banco ao qual pertencem. Entregar ao Diretor do Sindicato Roberto.<\/p>\n","protected":false},"excerpt":{"rendered":"<p>Os banc\u00e1rios do Rio de Janeiro e do Esp\u00edrito Santo t\u00eam encontro marcado para discutir as propostas da base da Fetraf-RJ\/ES para o evento nacional da categoria. A 19\u00aa Confer\u00eancia Interestadual dos Banc\u00e1rios do RJ e ES acontece no Rio de Janeiro, nos dias 14 e 15 de julho. Pela primeira vez a Confer\u00eancia Interestadual [&hellip;]<\/p>\n","protected":false},"author":2,"featured_media":2614,"comment_status":"","ping_status":"","sticky":false,"template":"","format":"standard","meta":{"footnotes":""},"categories":[3],"tags":[],"class_list":["post-2615","post","type-post","status-publish","format-standard","has-post-thumbnail","hentry","category-noticias"],"_links":{"self":[{"href":"https:\/\/hostnetart.com.br\/baixada\/wp-json\/wp\/v2\/posts\/2615","targetHints":{"allow":["GET"]}}],"collection":[{"href":"https:\/\/hostnetart.com.br\/baixada\/wp-json\/wp\/v2\/posts"}],"about":[{"href":"https:\/\/hostnetart.com.br\/baixada\/wp-json\/wp\/v2\/types\/post"}],"author":[{"embeddable":true,"href":"https:\/\/hostnetart.com.br\/baixada\/wp-json\/wp\/v2\/users\/2"}],"replies":[{"embeddable":true,"href":"https:\/\/hostnetart.com.br\/baixada\/wp-json\/wp\/v2\/comments?post=2615"}],"version-history":[{"count":0,"href":"https:\/\/hostnetart.com.br\/baixada\/wp-json\/wp\/v2\/posts\/2615\/revisions"}],"wp:featuredmedia":[{"embeddable":true,"href":"https:\/\/hostnetart.com.br\/baixada\/wp-json\/wp\/v2\/media\/2614"}],"wp:attachment":[{"href":"https:\/\/hostnetart.com.br\/baixada\/wp-json\/wp\/v2\/media?parent=2615"}],"wp:term":[{"taxonomy":"category","embeddable":true,"href":"https:\/\/hostnetart.com.br\/baixada\/wp-json\/wp\/v2\/categories?post=2615"},{"taxonomy":"post_tag","embeddable":true,"href":"https:\/\/hostnetart.com.br\/baixada\/wp-json\/wp\/v2\/tags?post=2615"}],"curies":[{"name":"wp","href":"https:\/\/api.w.org\/{rel}","templated":true}]}}