{"id":2609,"date":"2017-07-11T14:33:37","date_gmt":"2017-07-11T17:33:37","guid":{"rendered":"https:\/\/hostnetart.com.br\/baixada\/deflacao-nao-e-motivo-de-comemoracao\/"},"modified":"2017-07-11T14:33:37","modified_gmt":"2017-07-11T17:33:37","slug":"deflacao-nao-e-motivo-de-comemoracao","status":"publish","type":"post","link":"https:\/\/hostnetart.com.br\/baixada\/deflacao-nao-e-motivo-de-comemoracao\/","title":{"rendered":"Defla\u00e7\u00e3o n\u00e3o \u00e9 motivo de comemora\u00e7\u00e3o"},"content":{"rendered":"<p><em>Em nota, Dieese esclarece que varia\u00e7\u00e3o negativa nos pre\u00e7os de 0,23% registrada em junho \u00e9 resultado do enfraquecimento no consumo<\/em><\/p>\n<p>S\u00e3o Paulo \u2013 Ao contr\u00e1rio do que propaga o governo Temer, que h\u00e1 cada declara\u00e7\u00e3o p\u00fablica celebra a defla\u00e7\u00e3o de 0,23% registrada em junho, o Dieese demonstrou em nota que a varia\u00e7\u00e3o negativa nos pre\u00e7os, em um cen\u00e1rio de crise econ\u00f4mica, n\u00e3o \u00e9 uma boa not\u00edcia para o pa\u00eds.<\/p>\n<p>De acordo com a entidade, \u201ca defla\u00e7\u00e3o comprova a grave recess\u00e3o que vivemos, mostra um completo desbalanceamento das pol\u00edticas monet\u00e1rias ao manter os juros reais nas alturas mesmo nesse cen\u00e1rio (aprofundando a recess\u00e3o e o desemprego) e mostra o completo distanciamento de Temer e sua equipe econ\u00f4mica, comandada por Henrique Meirelles, com a realidade da popula\u00e7\u00e3o brasileira\u201d.<\/p>\n<p><strong><em>Confira a \u00edntegra da nota divulgada pelo Dieese.<\/em><\/strong><\/p>\n<p><strong><em>Defla\u00e7\u00e3o e crise econ\u00f4mica no Brasil<\/em><\/strong><\/p>\n<p><em>N\u00e3o h\u00e1 nada para se comemorar quando a taxa baixa de infla\u00e7\u00e3o \u00e9 resultado de uma forte depress\u00e3o<\/em><\/p>\n<p><em>A defla\u00e7\u00e3o (varia\u00e7\u00e3o negativa dos pre\u00e7os) de 0,23% registrada no IPCA de junho, a primeira desde o mesmo m\u00eas de 2006, \u00e9 resultado da profunda crise que o pa\u00eds atravessa. \u00c9 uma amostra clara e robusta de como a economia brasileira est\u00e1 imersa num lodo no fundo do po\u00e7o sem qualquer perspectiva de sa\u00edda no curto prazo.<\/em><\/p>\n<p><em>Ao contr\u00e1rio de v\u00e1rios outros pa\u00edses, o Brasil trabalha no regime de metas de infla\u00e7\u00e3o a partir do \u201c\u00edndice cheio\u201d do IPCA, ou seja, considera a varia\u00e7\u00e3o completa do \u00edndice, que inclui tanto pre\u00e7os administrados (gasolina, energia el\u00e9trica, \u00e1gua), como os sazonais (alimentos, passagens a\u00e9reas e despesas com educa\u00e7\u00e3o) ou ainda os vinculados ao \u201cmercado livre\u201d e concorrenciais (cabeleireiro, servi\u00e7os em geral) e de produtos.<\/em><\/p>\n<p><em>Nos EUA, a taxa \u00e9 um n\u00facleo da infla\u00e7\u00e3o que inclui apenas os pre\u00e7os concorrenciais. Essa distin\u00e7\u00e3o \u00e9 importante porque quando se considera os diferentes tipos de pre\u00e7os de forma separada torna-se mais efetivo o diagn\u00f3stico de infla\u00e7\u00e3o t\u00edpica de demanda, onde uma pol\u00edtica monet\u00e1ria de aumento de juros poder\u00e1 ser mais eficiente a um custo menor.<\/em><\/p>\n<p><em>Como no Brasil trabalhamos com um \u00edndice cheio dentro de um ano calend\u00e1rio (janeiro a dezembro), em um sistema de metas de infla\u00e7\u00e3o, os \u00fanicos instrumentos de pol\u00edtica monet\u00e1ria s\u00e3o os vinculados ao combate de uma infla\u00e7\u00e3o de demanda, mesmo que o aumento do \u00edndice n\u00e3o seja vinculado a esse tipo de aumento inflacion\u00e1rio.Ou seja, forma-se h\u00e1 um \u201ctarifa\u00e7o\u201d (aumento de pre\u00e7os administrados), como ocorreu no in\u00edcio de 2015, ou ainda uma crise clim\u00e1tica que eleva os pre\u00e7os dos alimentos, somente \u201csobra\u201d para a pol\u00edtica monet\u00e1ria atuar os pre\u00e7os livres, mesmo que estes, efetivamente n\u00e3o estejam promovendo o \u201cchoque inflacion\u00e1rio\u201d e n\u00e3o sejam as fontes prim\u00e1rias dos aumentos de pre\u00e7os.<\/em><\/p>\n<p><em>Um aumento de juros tem efeito direto na demanda interna (afetando diretamente os \u201cpre\u00e7os concorrenciais\u201d) al\u00e9m de promover uma poss\u00edvel valoriza\u00e7\u00e3o do c\u00e2mbio, efeito indireto que diminui o pre\u00e7o dos insumos importados (\u201cpopulismo cambial\u201d) e auxilia a reduzir a press\u00e3o inflacion\u00e1ria.<\/em><\/p>\n<p><em>A calibragem dos juros no Brasil precisa ser muito mais potente porque considera todos os pre\u00e7os, porque a queda de pre\u00e7os livres precisa compensar tamb\u00e9m a acelera\u00e7\u00e3o dos pre\u00e7os nos mercados administrados e sazonais, mesmo porque n\u00e3o se pode normalizar o regime de chuvas com aumento de juros. N\u00e3o pode haver controle desses pre\u00e7os pelos juros.<\/em><\/p>\n<p><em>Por isso, mesmo com uma recess\u00e3o brutal, a l\u00f3gica de manuten\u00e7\u00e3o da pol\u00edtica de juros altos reais (descontado a infla\u00e7\u00e3o) permanece. E juros altos reais neste caso (os mais altos do mundo), al\u00e9m de ter efetividade question\u00e1vel no combate \u00e0 infla\u00e7\u00e3o, por outro lado gera desemprego, aumento da d\u00edvida p\u00fablica e reduz o consumo e o investimento.<\/em><\/p>\n<p><strong><em>Defla\u00e7\u00e3o \u00e9 deteriora\u00e7\u00e3o econ\u00f4mica<\/em><\/strong><\/p>\n<p><em>No caso brasileiro, a defla\u00e7\u00e3o \u00e9 uma combina\u00e7\u00e3o de elementos, todos apontando o cen\u00e1rio de deteriora\u00e7\u00e3o econ\u00f4mica em que nos encontramos.<\/em><\/p>\n<p><em>Sen\u00e3o, vejamos: Enquanto em 2015 a infla\u00e7\u00e3o foi mais em fun\u00e7\u00e3o dos pre\u00e7os administrados (energia el\u00e9trica e gasolina) e sazonais (alimentos), fatores exteriores ao mercado de \u201cpre\u00e7os livres\u201d e, portanto indicando que n\u00e3o se tratava de uma infla\u00e7\u00e3o de demanda que poderia justificar uma pol\u00edtica monet\u00e1ria austera, o \u00edndice desse m\u00eas \u2013 livre das influ\u00eancias dos pre\u00e7os administrados e dos sazonais \u2013 demonstrou claramente o tamanho da crise, registrando uma defla\u00e7\u00e3o, ou seja, um movimento j\u00e1 de redu\u00e7\u00e3o de pre\u00e7os dada demanda enfraquecida.<\/em><\/p>\n<p><em>A defla\u00e7\u00e3o comprova a grave recess\u00e3o que vivemos, mostra um completo desbalanceamento das pol\u00edticas monet\u00e1rias ao manter os juros reais nas alturas mesmo nesse cen\u00e1rio (aprofundando a recess\u00e3o e o desemprego) e mostra o completo distanciamento de Temer e sua equipe econ\u00f4mica comandada por Henrique Meirelles, com a realidade da popula\u00e7\u00e3o brasileira.<\/em><\/p>\n<p><em>Subse\u00e7\u00e3o DIEESE\/CUT Nacional, 07 de junho de 2017<\/em><\/p>\n","protected":false},"excerpt":{"rendered":"<p>Em nota, Dieese esclarece que varia\u00e7\u00e3o negativa nos pre\u00e7os de 0,23% registrada em junho \u00e9 resultado do enfraquecimento no consumo S\u00e3o Paulo \u2013 Ao contr\u00e1rio do que propaga o governo Temer, que h\u00e1 cada declara\u00e7\u00e3o p\u00fablica celebra a defla\u00e7\u00e3o de 0,23% registrada em junho, o Dieese demonstrou em nota que a varia\u00e7\u00e3o negativa nos pre\u00e7os, [&hellip;]<\/p>\n","protected":false},"author":2,"featured_media":2608,"comment_status":"","ping_status":"","sticky":false,"template":"","format":"standard","meta":{"footnotes":""},"categories":[3],"tags":[],"class_list":["post-2609","post","type-post","status-publish","format-standard","has-post-thumbnail","hentry","category-noticias"],"_links":{"self":[{"href":"https:\/\/hostnetart.com.br\/baixada\/wp-json\/wp\/v2\/posts\/2609","targetHints":{"allow":["GET"]}}],"collection":[{"href":"https:\/\/hostnetart.com.br\/baixada\/wp-json\/wp\/v2\/posts"}],"about":[{"href":"https:\/\/hostnetart.com.br\/baixada\/wp-json\/wp\/v2\/types\/post"}],"author":[{"embeddable":true,"href":"https:\/\/hostnetart.com.br\/baixada\/wp-json\/wp\/v2\/users\/2"}],"replies":[{"embeddable":true,"href":"https:\/\/hostnetart.com.br\/baixada\/wp-json\/wp\/v2\/comments?post=2609"}],"version-history":[{"count":0,"href":"https:\/\/hostnetart.com.br\/baixada\/wp-json\/wp\/v2\/posts\/2609\/revisions"}],"wp:featuredmedia":[{"embeddable":true,"href":"https:\/\/hostnetart.com.br\/baixada\/wp-json\/wp\/v2\/media\/2608"}],"wp:attachment":[{"href":"https:\/\/hostnetart.com.br\/baixada\/wp-json\/wp\/v2\/media?parent=2609"}],"wp:term":[{"taxonomy":"category","embeddable":true,"href":"https:\/\/hostnetart.com.br\/baixada\/wp-json\/wp\/v2\/categories?post=2609"},{"taxonomy":"post_tag","embeddable":true,"href":"https:\/\/hostnetart.com.br\/baixada\/wp-json\/wp\/v2\/tags?post=2609"}],"curies":[{"name":"wp","href":"https:\/\/api.w.org\/{rel}","templated":true}]}}