{"id":2607,"date":"2017-07-11T14:09:44","date_gmt":"2017-07-11T17:09:44","guid":{"rendered":"https:\/\/hostnetart.com.br\/baixada\/contraf-cut-convoca-trabalhadores-para-ato-em-brasilia\/"},"modified":"2017-07-11T14:09:44","modified_gmt":"2017-07-11T17:09:44","slug":"contraf-cut-convoca-trabalhadores-para-ato-em-brasilia","status":"publish","type":"post","link":"https:\/\/hostnetart.com.br\/baixada\/contraf-cut-convoca-trabalhadores-para-ato-em-brasilia\/","title":{"rendered":"Contraf-CUT convoca trabalhadores para ato em Bras\u00edlia"},"content":{"rendered":"<p>A Contraf-CUT convoca todos os trabalhadores e trabalhadoras para um grande ato, nesta ter\u00e7a-feira (11), em Bras\u00edlia, onde acontece a vota\u00e7\u00e3o da Reforma Trabalhista. O objetivo \u00e9 barrar o processo e pressionar os senadores a votarem contra a reforma, que retira os direitos trabalhistas.<\/p>\n<p>O processo, que est\u00e1 em sua reta final, pretende acabar com os direitos adquiridos pela classe trabalhadora, como: f\u00e9rias, 13\u00ba sal\u00e1rio, descanso semanal remunerado, entre outras altera\u00e7\u00f5es na CLT.<\/p>\n<p>\u201c\u00c9 preciso mobilizar caravanas e \u00f4nibus das nossas entidades, federa\u00e7\u00f5es e sindicatos. Com faixas, cartazes e com a nossa marca muito forte e representativa. Os Banc\u00e1rios e as banc\u00e1rias t\u00eam de se unir contra a reforma trabalhista. S\u00f3 a luta pode derrotar essa reforma\u201d, explanou Roberto von der Osten, presidente da Contraf-CUT.<\/p>\n<p><strong>Fonte: Contraf-CUT<\/strong><\/p>\n","protected":false},"excerpt":{"rendered":"<p>A Contraf-CUT convoca todos os trabalhadores e trabalhadoras para um grande ato, nesta ter\u00e7a-feira (11), em Bras\u00edlia, onde acontece a vota\u00e7\u00e3o da Reforma Trabalhista. O objetivo \u00e9 barrar o processo e pressionar os senadores a votarem contra a reforma, que retira os direitos trabalhistas. O processo, que est\u00e1 em sua reta final, pretende acabar com [&hellip;]<\/p>\n","protected":false},"author":2,"featured_media":2606,"comment_status":"","ping_status":"","sticky":false,"template":"","format":"standard","meta":{"footnotes":""},"categories":[3],"tags":[],"class_list":["post-2607","post","type-post","status-publish","format-standard","has-post-thumbnail","hentry","category-noticias"],"_links":{"self":[{"href":"https:\/\/hostnetart.com.br\/baixada\/wp-json\/wp\/v2\/posts\/2607","targetHints":{"allow":["GET"]}}],"collection":[{"href":"https:\/\/hostnetart.com.br\/baixada\/wp-json\/wp\/v2\/posts"}],"about":[{"href":"https:\/\/hostnetart.com.br\/baixada\/wp-json\/wp\/v2\/types\/post"}],"author":[{"embeddable":true,"href":"https:\/\/hostnetart.com.br\/baixada\/wp-json\/wp\/v2\/users\/2"}],"replies":[{"embeddable":true,"href":"https:\/\/hostnetart.com.br\/baixada\/wp-json\/wp\/v2\/comments?post=2607"}],"version-history":[{"count":0,"href":"https:\/\/hostnetart.com.br\/baixada\/wp-json\/wp\/v2\/posts\/2607\/revisions"}],"wp:featuredmedia":[{"embeddable":true,"href":"https:\/\/hostnetart.com.br\/baixada\/wp-json\/wp\/v2\/media\/2606"}],"wp:attachment":[{"href":"https:\/\/hostnetart.com.br\/baixada\/wp-json\/wp\/v2\/media?parent=2607"}],"wp:term":[{"taxonomy":"category","embeddable":true,"href":"https:\/\/hostnetart.com.br\/baixada\/wp-json\/wp\/v2\/categories?post=2607"},{"taxonomy":"post_tag","embeddable":true,"href":"https:\/\/hostnetart.com.br\/baixada\/wp-json\/wp\/v2\/tags?post=2607"}],"curies":[{"name":"wp","href":"https:\/\/api.w.org\/{rel}","templated":true}]}}