{"id":2585,"date":"2017-07-06T17:10:52","date_gmt":"2017-07-06T20:10:52","guid":{"rendered":"https:\/\/hostnetart.com.br\/baixada\/contraf-cut-convoca-sindicatos-e-federacoes-para-ir-a-brasilia-no-dia-11-de-julho\/"},"modified":"2017-07-06T17:10:52","modified_gmt":"2017-07-06T20:10:52","slug":"contraf-cut-convoca-sindicatos-e-federacoes-para-ir-a-brasilia-no-dia-11-de-julho","status":"publish","type":"post","link":"https:\/\/hostnetart.com.br\/baixada\/contraf-cut-convoca-sindicatos-e-federacoes-para-ir-a-brasilia-no-dia-11-de-julho\/","title":{"rendered":"Contraf-CUT convoca sindicatos e federa\u00e7\u00f5es para ir a Bras\u00edlia no dia 11 de julho"},"content":{"rendered":"<p><em>Na data, ser\u00e1 votado o projeto da &#8220;reforma&#8221; trabalhista (PLC 38\/2017)<\/em><\/p>\n<p>\u00a0<br \/>A Contraf-CUT convoca todos os trabalhadores e trabalhadoras para irem a Bras\u00edlia no pr\u00f3ximo dia 11. A ideia \u00e9 fazer uma grande mobiliza\u00e7\u00e3o para pressionar os senadores a votarem contra o projeto da &#8220;reforma&#8221; trabalhista (PLC 38\/2017). Na ter\u00e7a-feira (4), o Plen\u00e1rio do Senado aprovou o requerimento de urg\u00eancia para a tramita\u00e7\u00e3o do projeto, com 46 votos a favor e 19 contra.<\/p>\n<p>&#8220;Precisamos mobilizar caravanas e \u00f4nibus das nossas entidades, federa\u00e7\u00f5es e sindicatos. Com faixas, cartazes e com a nossa marca muito forte e representativa. Os Banc\u00e1rios e as banc\u00e1rias t\u00eam de se unir contra a reforma trabalhista. S\u00f3 a luta pode derrotar essa reforma&#8221;, conclamou Roberto von der Osten, presidente da Contraf-CUT e um dos coordenadores do Comando Nacional dos Banc\u00e1rios<\/p>\n<p>Como a prioridade \u00e9 a presen\u00e7a de todos em Bras\u00edlia nos dias 11 e 12, a reuni\u00e3o com a Fenaban, marcada para a mesma data, foi adiada. T\u00e3o logo haja a confirma\u00e7\u00e3o da data da negocia\u00e7\u00e3o sobre as cl\u00e1usulas 37, 62 e 65 da CCT 2016-2018, a Contraf-CUT comunica a categoria.<\/p>\n<p><strong>Fonte: Contraf-CUT<\/strong><\/p>\n","protected":false},"excerpt":{"rendered":"<p>Na data, ser\u00e1 votado o projeto da &#8220;reforma&#8221; trabalhista (PLC 38\/2017) \u00a0A Contraf-CUT convoca todos os trabalhadores e trabalhadoras para irem a Bras\u00edlia no pr\u00f3ximo dia 11. A ideia \u00e9 fazer uma grande mobiliza\u00e7\u00e3o para pressionar os senadores a votarem contra o projeto da &#8220;reforma&#8221; trabalhista (PLC 38\/2017). Na ter\u00e7a-feira (4), o Plen\u00e1rio do Senado [&hellip;]<\/p>\n","protected":false},"author":2,"featured_media":2584,"comment_status":"","ping_status":"","sticky":false,"template":"","format":"standard","meta":{"footnotes":""},"categories":[3],"tags":[],"class_list":["post-2585","post","type-post","status-publish","format-standard","has-post-thumbnail","hentry","category-noticias"],"_links":{"self":[{"href":"https:\/\/hostnetart.com.br\/baixada\/wp-json\/wp\/v2\/posts\/2585","targetHints":{"allow":["GET"]}}],"collection":[{"href":"https:\/\/hostnetart.com.br\/baixada\/wp-json\/wp\/v2\/posts"}],"about":[{"href":"https:\/\/hostnetart.com.br\/baixada\/wp-json\/wp\/v2\/types\/post"}],"author":[{"embeddable":true,"href":"https:\/\/hostnetart.com.br\/baixada\/wp-json\/wp\/v2\/users\/2"}],"replies":[{"embeddable":true,"href":"https:\/\/hostnetart.com.br\/baixada\/wp-json\/wp\/v2\/comments?post=2585"}],"version-history":[{"count":0,"href":"https:\/\/hostnetart.com.br\/baixada\/wp-json\/wp\/v2\/posts\/2585\/revisions"}],"wp:featuredmedia":[{"embeddable":true,"href":"https:\/\/hostnetart.com.br\/baixada\/wp-json\/wp\/v2\/media\/2584"}],"wp:attachment":[{"href":"https:\/\/hostnetart.com.br\/baixada\/wp-json\/wp\/v2\/media?parent=2585"}],"wp:term":[{"taxonomy":"category","embeddable":true,"href":"https:\/\/hostnetart.com.br\/baixada\/wp-json\/wp\/v2\/categories?post=2585"},{"taxonomy":"post_tag","embeddable":true,"href":"https:\/\/hostnetart.com.br\/baixada\/wp-json\/wp\/v2\/tags?post=2585"}],"curies":[{"name":"wp","href":"https:\/\/api.w.org\/{rel}","templated":true}]}}