{"id":2581,"date":"2017-07-05T16:20:55","date_gmt":"2017-07-05T19:20:55","guid":{"rendered":"https:\/\/hostnetart.com.br\/baixada\/funcionarios-de-casas-lotericas-conseguem-reajuste-acima-da-inflacao-no-act-2017-2018\/"},"modified":"2017-07-05T16:20:55","modified_gmt":"2017-07-05T19:20:55","slug":"funcionarios-de-casas-lotericas-conseguem-reajuste-acima-da-inflacao-no-act-2017-2018","status":"publish","type":"post","link":"https:\/\/hostnetart.com.br\/baixada\/funcionarios-de-casas-lotericas-conseguem-reajuste-acima-da-inflacao-no-act-2017-2018\/","title":{"rendered":"Funcion\u00e1rios de casas lot\u00e9ricas conseguem reajuste acima da infla\u00e7\u00e3o no ACT 2017\/2018"},"content":{"rendered":"<p>Os funcion\u00e1rios de casas lot\u00e9ricas se reuniram no dia 23\/06, na sede do Sindicato dos Banc\u00e1rios e Trabalhadores do Ramo Financeiro de Rond\u00f4nia (SEEB-RO), em assembleia geral e aprovaram, por unanimidade, a contraproposta patronal de reajuste salarial de 5,5%, o que representa 1.52% de ganho real com a infla\u00e7\u00e3o de abril em 3.98%.<\/p>\n<p>Com isso o piso de R$ 1.062,27 passa para R$ 1.120,69, e mais 12% de quebra de caixa, totalizando um sal\u00e1rio de R$ 1.255,17 para o per\u00edodo de 2017\/2018.<\/p>\n<p>Vale ressaltar que este ano foram tratadas somente as cl\u00e1usulas financeiras e econ\u00f4micas por se tratar de um acordo bienal.<\/p>\n<p>O SEEB-RO mais uma vez comprovou estar na vanguarda, a n\u00edvel nacional, em rela\u00e7\u00e3o \u00e0 forte representa\u00e7\u00e3o aos funcion\u00e1rios das casas lot\u00e9ricas.<\/p>\n<p>\u201cEm se tratando de Acordo Coletivo de Trabalho, e considerando o momento t\u00e3o delicado de nossa economia, conseguimos avan\u00e7os e parabenizamos a categoria pela conquista de ganho real nos sal\u00e1rios e destacamos, com isso, o valor que essa categoria de trabalhadores representa ao ramo financeiro e, como os banc\u00e1rios e cooperativ\u00e1rios, tamb\u00e9m s\u00e3o merecedores de sal\u00e1rios dignos e melhores condi\u00e7\u00f5es de trabalho\u201d, avaliou Ant\u00f4nio Tavares, diretor de Cooperativas e Correspondentes Banc\u00e1rios do Sindicato dos Banc\u00e1rios e Trabalhadores do Ramo Financeiro de Rond\u00f4nia (SEEB-RO).<\/p>\n<p>Fonte: Seeb\/RO<\/p>\n","protected":false},"excerpt":{"rendered":"<p>Os funcion\u00e1rios de casas lot\u00e9ricas se reuniram no dia 23\/06, na sede do Sindicato dos Banc\u00e1rios e Trabalhadores do Ramo Financeiro de Rond\u00f4nia (SEEB-RO), em assembleia geral e aprovaram, por unanimidade, a contraproposta patronal de reajuste salarial de 5,5%, o que representa 1.52% de ganho real com a infla\u00e7\u00e3o de abril em 3.98%. Com isso [&hellip;]<\/p>\n","protected":false},"author":2,"featured_media":2580,"comment_status":"","ping_status":"","sticky":false,"template":"","format":"standard","meta":{"footnotes":""},"categories":[3],"tags":[],"class_list":["post-2581","post","type-post","status-publish","format-standard","has-post-thumbnail","hentry","category-noticias"],"_links":{"self":[{"href":"https:\/\/hostnetart.com.br\/baixada\/wp-json\/wp\/v2\/posts\/2581","targetHints":{"allow":["GET"]}}],"collection":[{"href":"https:\/\/hostnetart.com.br\/baixada\/wp-json\/wp\/v2\/posts"}],"about":[{"href":"https:\/\/hostnetart.com.br\/baixada\/wp-json\/wp\/v2\/types\/post"}],"author":[{"embeddable":true,"href":"https:\/\/hostnetart.com.br\/baixada\/wp-json\/wp\/v2\/users\/2"}],"replies":[{"embeddable":true,"href":"https:\/\/hostnetart.com.br\/baixada\/wp-json\/wp\/v2\/comments?post=2581"}],"version-history":[{"count":0,"href":"https:\/\/hostnetart.com.br\/baixada\/wp-json\/wp\/v2\/posts\/2581\/revisions"}],"wp:featuredmedia":[{"embeddable":true,"href":"https:\/\/hostnetart.com.br\/baixada\/wp-json\/wp\/v2\/media\/2580"}],"wp:attachment":[{"href":"https:\/\/hostnetart.com.br\/baixada\/wp-json\/wp\/v2\/media?parent=2581"}],"wp:term":[{"taxonomy":"category","embeddable":true,"href":"https:\/\/hostnetart.com.br\/baixada\/wp-json\/wp\/v2\/categories?post=2581"},{"taxonomy":"post_tag","embeddable":true,"href":"https:\/\/hostnetart.com.br\/baixada\/wp-json\/wp\/v2\/tags?post=2581"}],"curies":[{"name":"wp","href":"https:\/\/api.w.org\/{rel}","templated":true}]}}