{"id":2579,"date":"2017-07-05T16:14:32","date_gmt":"2017-07-05T19:14:32","guid":{"rendered":"https:\/\/hostnetart.com.br\/baixada\/itau-e-santander-apoiam-reforma-trabalhista-e-pressionam-senadores\/"},"modified":"2017-07-05T16:14:32","modified_gmt":"2017-07-05T19:14:32","slug":"itau-e-santander-apoiam-reforma-trabalhista-e-pressionam-senadores","status":"publish","type":"post","link":"https:\/\/hostnetart.com.br\/baixada\/itau-e-santander-apoiam-reforma-trabalhista-e-pressionam-senadores\/","title":{"rendered":"Ita\u00fa e Santander apoiam reforma trabalhista e pressionam senadores"},"content":{"rendered":"<p><strong>Press\u00e3o dos bancos n\u00e3o surpreende. Eles ganhar\u00e3o ainda mais do que j\u00e1 ganham se reforma for aprovada<\/strong><\/p>\n<p>S\u00f3 n\u00e3o enxerga quem n\u00e3o quer ver. Quando o banqueiro Roberto Setubal, dono do Ita\u00fa, o maior banco privado do pa\u00eds, ataca a Consolida\u00e7\u00e3o das Leis do Trabalho (CLT) e a Justi\u00e7a do Trabalho ao escrever o artigo \u201cA import\u00e2ncia da reforma trabalhista\u201d, publicado no \u00faltimo domingo (2), na Folha de S. Paulo, fica evidente a quem interessam as mudan\u00e7as propostas pelo governo ileg\u00edtimo de Michel Temer (PMDB) e sua base aliada no Congresso Nacional. \u201cInteressa, e muito, aos banqueiros, rentistas e grandes empres\u00e1rios, financiadores do golpe do impeachment, mas n\u00e3o aos trabalhadores\u201d, afirma o presidente da CUT-RS, Claudir Nespolo.<\/p>\n<p>Quando um banco como o Santander publicou no \u00faltimo dia 14 de junho um documento elaborado pelo economista-chefe Maur\u00edcio Molan e pelo economista Rodolfo Margato, com 11 p\u00e1ginas, reclamando do custo da legisla\u00e7\u00e3o trabalhista para o empregador no Brasil, fica mais do que claro de que \u201cos banqueiros defendem a aprova\u00e7\u00e3o desse projeto em causa pr\u00f3pria, com o objetivo de retirar direitos e aumentar os seus lucros bilion\u00e1rios\u201d, aponta Claudir.<\/p>\n<p>\u201cCom isso, eles pressionam o Senado para que aprove a reforma trabalhista, feita sob encomenda do empresariado e do capital financeiro, para destruir os direitos e as conquistas da classe trabalhadora ao longo de um s\u00e9culo de muitas greves e mobiliza\u00e7\u00f5es\u201d, frisou o dirigente da CUT-RS.<\/p>\n<p><strong>Ita\u00fa<\/strong><br \/>N\u00e3o \u00e9 de hoje que Set\u00fabal detona a CLT, a Justi\u00e7a do Trabalho e os direitos dos trabalhadores. O homem poderoso do Ita\u00fa vem disparando ataques contra a legisla\u00e7\u00e3o trabalhista pelo menos desde o ano passado, apesar de ter obtido um lucro de R$ 21,6 bilh\u00f5es.<\/p>\n<p>Set\u00fabal afirma que \u201ca mudan\u00e7a proposta tem como principal objetivo a moderniza\u00e7\u00e3o das rela\u00e7\u00f5es laborais. Ela est\u00e1 baseada na flexibiliza\u00e7\u00e3o das r\u00edgidas normas hoje estabelecidas pela CLT e pelas v\u00e1rias s\u00famulas do TST que interpretam e detalham os v\u00e1rios artigos dessa lei, principalmente de quest\u00f5es relacionadas \u00e0 jornada de servi\u00e7o\u201d.<\/p>\n<p>O presidente da CUT-RS discorda. \u201cA CLT foi atualizada em 80% dos seus artigos desde que foi criada, em 1943, pelo presidente Get\u00falio Vargas. O Brasil chegou em 2014 \u00e0 situa\u00e7\u00e3o de pleno emprego e a CLT n\u00e3o foi empecilho\u201d.<\/p>\n<p>Para Set\u00fabal, \u201cessas mudan\u00e7as, somadas \u00e0 terceiriza\u00e7\u00e3o, j\u00e1 aprovada pelo Congresso, criam espa\u00e7o para aumentar a efici\u00eancia e competitividade das empresas, o que dever\u00e1 levar a uma maior oferta de emprego\u201d.<\/p>\n<p>O dirigente da CUT-RS rebate \u201ca conversa fiada do banqueiro\u201d, dizendo que gera\u00e7\u00e3o de postos de trabalho depende de crescimento econ\u00f4mico. \u201cUma empresa contrata quando possui demanda para produzir ou vender. Ele devia saber que rebaixar sal\u00e1rios e direitos \u00e9 dar um tiro no p\u00e9, pois o trabalhador ter\u00e1 menos poder de compra para consumir e fazer a economia crescer\u201d.<\/p>\n<p>O banqueiro do Ita\u00fa defende tamb\u00e9m o fim da contribui\u00e7\u00e3o sindical, o que levar\u00e1 ao enfraquecimento dos sindicatos. \u201cA reforma proposta, ao retirar a obrigatoriedade da contribui\u00e7\u00e3o e dar novos poderes de negocia\u00e7\u00e3o aos sindicatos, tornar\u00e1 o sistema mais eficiente\u201d.<\/p>\n<p>Claudir ressalta que \u201csem dinheiro nenhum sindicato faz mobiliza\u00e7\u00e3o para acordos e conven\u00e7\u00f5es coletivas, que distribuem renda\u201d. Ele salienta que \u201ca CUT nunca defendeu o imposto sindical, mas a sua extin\u00e7\u00e3o neste momento seria uma retalia\u00e7\u00e3o oportunista\u201d.<\/p>\n<p>Al\u00e9m disso, \u201cSet\u00fabal omite o compuls\u00f3rio dos sindicatos patronais, que \u00e9 a contribui\u00e7\u00e3o de 0,2% a 2,5% da folha mensal de pagamento das empresas ao Sistema S, que fica integralmente com os sindicatos e as federa\u00e7\u00f5es empresariais. \u00c9 uma cretinice: eles fortes, n\u00f3s fracos. Perderam a vergonha\u201d, critica o presidente da CUT-RS.<\/p>\n<p>Como se n\u00e3o bastasse, banqueiro sustenta que \u201ca necessidade de alterar essas leis fica tamb\u00e9m evidenciada pela quantidade de a\u00e7\u00f5es que temos na Justi\u00e7a do Trabalho. Estima-se que o Brasil detenha ao menos 80% das a\u00e7\u00f5es trabalhistas do mundo. S\u00f3 em 2016, quase 4 milh\u00f5es foram iniciadas por aqui, e os n\u00fameros crescem ano a ano\u201d.<\/p>\n<p>Segundo Claudir, \u201cisso demonstra que temos maus patr\u00f5es no Brasil, como os bancos, que usufruem de benef\u00edcios fiscais, mas sonegam impostos e n\u00e3o respeitam as leis para turbinar os seus lucros. Se a legisla\u00e7\u00e3o fosse cumprida n\u00e3o haveria tantas a\u00e7\u00f5es trabalhistas\u201d.<\/p>\n<p><strong>Santander<\/strong><br \/>O documento do banco espanhol, que, ali\u00e1s, devia ter evitado se intrometer na legisla\u00e7\u00e3o brasileira, projeta que \u201ca aprova\u00e7\u00e3o da reforma trabalhista poderia levar a uma queda do desemprego de mais ou menos 1,5 ponto percentual, o que corresponderia \u00e0 cria\u00e7\u00e3o de cerca de 2,3 milh\u00f5es de empregos\u201d.<\/p>\n<p>Claudir questiona tal estimativa. \u201cNenhum pa\u00eds do mundo conseguiu gerar empregos com a retirada de direitos dos trabalhadores. A \u00fanica coisa que aconteceu em outras na\u00e7\u00f5es foi a precariza\u00e7\u00e3o do trabalho com o aumento da pobreza e da mis\u00e9ria\u201d.<\/p>\n<p>Para o Santander, que lucrou R$ 7,3 bilh\u00f5es em 2016, \u201ca excessiva regulamenta\u00e7\u00e3o do mercado de trabalho brasileiro \u00e9 considerada pelas empresas como o segundo fator mais problem\u00e1tico para fazer neg\u00f3cios no pa\u00eds. Isso sugere que bilh\u00f5es de reais em investimentos deixam de ser realizados, e milh\u00f5es de empregos deixam de ser gerados todos os anos, devido a uma legisla\u00e7\u00e3o trabalhista anacr\u00f4nica\u201d.<\/p>\n<p>O presidente da CUT-RS afirma que essa avalia\u00e7\u00e3o do banco \u00e9 descabida. \u201cSe isso fosse verdade, o Santander n\u00e3o teria vindo ao Brasil para investir em bancos brasileiros e adquirir o Noroeste, o Meridional, o Banespa e o Real\u201d, lembrou Claudir. \u201cA legisla\u00e7\u00e3o trabalhista \u00e9 fator de prote\u00e7\u00e3o social para garantir direitos b\u00e1sicos aos trabalhadores\u201d.<\/p>\n<p>O estudo do Santander destaca ainda o aparato gasto para se defender de a\u00e7\u00f5es na Justi\u00e7a do Trabalho. \u201cSomando a estrutura jur\u00eddica de empresas com o custo processual na esfera trabalhista, chegamos a 0,51% do PIB, ou R$ 33 bilh\u00f5es por ano, o equivalente ao programa Bolsa Fam\u00edlia\u201d, aponta o documento.<\/p>\n<p>Para Claudir, \u201cos bancos e as empresas deveriam cumprir a legisla\u00e7\u00e3o trabalhista, valorizando os seus trabalhadores, que s\u00e3o os principais respons\u00e1veis pelos lucros auferidos. Desta forma, os patr\u00f5es n\u00e3o precisariam gastar todo esse dinheiro nos tribunais, provariam que responsabilidade social n\u00e3o \u00e9 apenas propaganda e ainda melhorariam a sua imagem junto \u00e0 sociedade\u201d.<\/p>\n<p><strong>Press\u00e3o dos bancos n\u00e3o surpreende<\/strong><\/p>\n<p>\u201cA press\u00e3o dos banqueiros sobre os parlamentares e os governos n\u00e3o surpreende. H\u00e1 muito tempo, os bancos est\u00e3o entre os principais doadores de campanhas eleitorais. Eles acompanham tamb\u00e9m o funcionamento do Congresso Nacional, fazendo lobbies na defesa dos seus interesses privados\u201d, denuncia o presidente da CUT-RS.<\/p>\n<p>J\u00e1 o Banco Central virou um \u201csindicato dos bancos\u201d, hoje presidido pelo economista-chefe do Ita\u00fa, Ilan Goldfajn. E o pagamento dos juros e amortiza\u00e7\u00f5es da d\u00edvida p\u00fablica \u00e9 a chamada \u201cbolsa-banqueiro\u201d, que n\u00e3o tem limites, nem teto de gastos.<\/p>\n<p>A participa\u00e7\u00e3o de banqueiros e empres\u00e1rios de outros ramos, como ind\u00fastria e transportes, na elabora\u00e7\u00e3o do texto da reforma trabalhista j\u00e1 foi denunciada pela The Intercept Brasil. A publica\u00e7\u00e3o on line constatou que das 850 emendas apresentadas por 82 deputados, durante a discuss\u00e3o do projeto na Comiss\u00e3o Especial na C\u00e2mara, 292 (34,3%) foram integralmente redigidas em computadores de representantes da Confedera\u00e7\u00e3o Nacional do Transporte (CNT), da Confedera\u00e7\u00e3o Nacional das Institui\u00e7\u00f5es Financeiras (CNF), da Confedera\u00e7\u00e3o Nacional da Ind\u00fastria (CNI) e da Associa\u00e7\u00e3o Nacional do Transporte de Cargas e Log\u00edstica (NTC&amp;Log\u00edstica).<\/p>\n<p>\u201cOs banqueiros s\u00e3o tamb\u00e9m interessados na reforma da Previd\u00eancia do governo Temer, que na pr\u00e1tica acaba com a aposentadoria p\u00fablica no Brasil\u201d, alerta Claudir. \u00c9 um mercado gigantesco que se abriria para o Ita\u00fa, o Santander e demais bancos, a fim de expandir as vendas de seus planos de previd\u00eancia privada e elevar ainda mais os seus lucros.<\/p>\n<p>Bancos se livram de multas no Carf<br \/>Enquanto isso, o Conselho Administrativo de Recursos Fiscais (Carf) deu ganho de causa ao Santander, no \u00faltimo dia 20 de junho, no valor de R$ 338 milh\u00f5es, acerca de cobran\u00e7as de Imposto de Renda e Contribui\u00e7\u00e3o Social sobre o Lucro L\u00edquido (CSLL). O banco alegou que se tratava de amortiza\u00e7\u00e3o de \u00e1gio por conta da aquisi\u00e7\u00e3o do ABN AMRO.<\/p>\n<p>Decis\u00e3o semelhante foi obtida no Carf pelo Ita\u00fa, no \u00faltimo dia 10 de abril. O banco se livrou, por 5 votos a 3, de pagar Imposto de Renda e CSLL no processo de fus\u00e3o com o Unibanco. Isso significou uma perda de R$ 25 bilh\u00f5es na arrecada\u00e7\u00e3o da Receita Federal, fragilizando as contas p\u00fablicas.<\/p>\n<p>\u201cO poder p\u00fablico do Brasil n\u00e3o pode continuar ref\u00e9m do capital financeiro para transferir a renda para as m\u00e3os de um punhado de banqueiros, rentistas e grandes empres\u00e1rios. O Estado tem que estar a servi\u00e7o da popula\u00e7\u00e3o, com pol\u00edticas p\u00fablicas para reduzir desigualdades sociais e trazer qualidade de vida para todos\u201d, enfatiza Claudir.<\/p>\n<p>\u201cN\u00e3o podemos esmorecer e, por isso, temos que fortalecer a resist\u00eancia e a mobiliza\u00e7\u00e3o para barrar as reformas trabalhista e da Previd\u00eancia e resgatar a democracia com elei\u00e7\u00f5es diretas j\u00e1\u201d, conclui o presidente da CUT-RS.<\/p>\n<p>\u00a0<\/p>\n<p><strong>Fonte: CUR\/RS<\/strong><\/p>\n","protected":false},"excerpt":{"rendered":"<p>Press\u00e3o dos bancos n\u00e3o surpreende. Eles ganhar\u00e3o ainda mais do que j\u00e1 ganham se reforma for aprovada S\u00f3 n\u00e3o enxerga quem n\u00e3o quer ver. Quando o banqueiro Roberto Setubal, dono do Ita\u00fa, o maior banco privado do pa\u00eds, ataca a Consolida\u00e7\u00e3o das Leis do Trabalho (CLT) e a Justi\u00e7a do Trabalho ao escrever o artigo [&hellip;]<\/p>\n","protected":false},"author":2,"featured_media":2578,"comment_status":"","ping_status":"","sticky":false,"template":"","format":"standard","meta":{"footnotes":""},"categories":[3],"tags":[],"class_list":["post-2579","post","type-post","status-publish","format-standard","has-post-thumbnail","hentry","category-noticias"],"_links":{"self":[{"href":"https:\/\/hostnetart.com.br\/baixada\/wp-json\/wp\/v2\/posts\/2579","targetHints":{"allow":["GET"]}}],"collection":[{"href":"https:\/\/hostnetart.com.br\/baixada\/wp-json\/wp\/v2\/posts"}],"about":[{"href":"https:\/\/hostnetart.com.br\/baixada\/wp-json\/wp\/v2\/types\/post"}],"author":[{"embeddable":true,"href":"https:\/\/hostnetart.com.br\/baixada\/wp-json\/wp\/v2\/users\/2"}],"replies":[{"embeddable":true,"href":"https:\/\/hostnetart.com.br\/baixada\/wp-json\/wp\/v2\/comments?post=2579"}],"version-history":[{"count":0,"href":"https:\/\/hostnetart.com.br\/baixada\/wp-json\/wp\/v2\/posts\/2579\/revisions"}],"wp:featuredmedia":[{"embeddable":true,"href":"https:\/\/hostnetart.com.br\/baixada\/wp-json\/wp\/v2\/media\/2578"}],"wp:attachment":[{"href":"https:\/\/hostnetart.com.br\/baixada\/wp-json\/wp\/v2\/media?parent=2579"}],"wp:term":[{"taxonomy":"category","embeddable":true,"href":"https:\/\/hostnetart.com.br\/baixada\/wp-json\/wp\/v2\/categories?post=2579"},{"taxonomy":"post_tag","embeddable":true,"href":"https:\/\/hostnetart.com.br\/baixada\/wp-json\/wp\/v2\/tags?post=2579"}],"curies":[{"name":"wp","href":"https:\/\/api.w.org\/{rel}","templated":true}]}}