{"id":2575,"date":"2017-07-05T14:52:06","date_gmt":"2017-07-05T17:52:06","guid":{"rendered":"https:\/\/hostnetart.com.br\/baixada\/2017-o-desemprego-cresceu-e-o-salario-diminuiu-aponta-estudo\/"},"modified":"2017-07-05T14:52:06","modified_gmt":"2017-07-05T17:52:06","slug":"2017-o-desemprego-cresceu-e-o-salario-diminuiu-aponta-estudo","status":"publish","type":"post","link":"https:\/\/hostnetart.com.br\/baixada\/2017-o-desemprego-cresceu-e-o-salario-diminuiu-aponta-estudo\/","title":{"rendered":"2017: O desemprego cresceu e o sal\u00e1rio diminuiu, aponta estudo"},"content":{"rendered":"<h2 class=\"sub_title\" tabindex=\"4\"><em><strong>&#8220;Eu n\u00e3o vejo perspectiva nenhuma neste governo&#8221;, afirma economista.<\/strong><\/em><\/h2>\n<p>O desemprego e o trabalho sem carteira assinada cresceram e a remunera\u00e7\u00e3o na mesma fun\u00e7\u00e3o, caso o trabalhador seja recolocado, diminuiu cerca de 30%. <\/p>\n<p>Estas s\u00e3o afirma\u00e7\u00f5es do resultado dos dados do IBGE divulgados nesta semana.<\/p>\n<p>Para a Economista do CESIT (Centro de Estudos Sindicais e de Economia da Unicamp), Marilane Teixeira, o governo do ileg\u00edtimo Michel Temer aprofundou a crise cortando investimentos sociais por 20 anos.<\/p>\n<p>&#8220;Eu n\u00e3o vejo perspectiva nenhuma neste governo&#8221;, afirma economista.<\/p>\n<p>Marilane ainda desmente o governo em rela\u00e7\u00e3o a publicidade do governo que diz que as reformas aumentar\u00e3o os n\u00fameros de empregados. &#8220;Na fase de pleno emprego nunca se ouviu falar nestas reformas&#8221;, rebate.<\/p>\n","protected":false},"excerpt":{"rendered":"<p>&#8220;Eu n\u00e3o vejo perspectiva nenhuma neste governo&#8221;, afirma economista. O desemprego e o trabalho sem carteira assinada cresceram e a remunera\u00e7\u00e3o na mesma fun\u00e7\u00e3o, caso o trabalhador seja recolocado, diminuiu cerca de 30%. Estas s\u00e3o afirma\u00e7\u00f5es do resultado dos dados do IBGE divulgados nesta semana. Para a Economista do CESIT (Centro de Estudos Sindicais e [&hellip;]<\/p>\n","protected":false},"author":2,"featured_media":2574,"comment_status":"","ping_status":"","sticky":false,"template":"","format":"standard","meta":{"footnotes":""},"categories":[3],"tags":[],"class_list":["post-2575","post","type-post","status-publish","format-standard","has-post-thumbnail","hentry","category-noticias"],"_links":{"self":[{"href":"https:\/\/hostnetart.com.br\/baixada\/wp-json\/wp\/v2\/posts\/2575","targetHints":{"allow":["GET"]}}],"collection":[{"href":"https:\/\/hostnetart.com.br\/baixada\/wp-json\/wp\/v2\/posts"}],"about":[{"href":"https:\/\/hostnetart.com.br\/baixada\/wp-json\/wp\/v2\/types\/post"}],"author":[{"embeddable":true,"href":"https:\/\/hostnetart.com.br\/baixada\/wp-json\/wp\/v2\/users\/2"}],"replies":[{"embeddable":true,"href":"https:\/\/hostnetart.com.br\/baixada\/wp-json\/wp\/v2\/comments?post=2575"}],"version-history":[{"count":0,"href":"https:\/\/hostnetart.com.br\/baixada\/wp-json\/wp\/v2\/posts\/2575\/revisions"}],"wp:featuredmedia":[{"embeddable":true,"href":"https:\/\/hostnetart.com.br\/baixada\/wp-json\/wp\/v2\/media\/2574"}],"wp:attachment":[{"href":"https:\/\/hostnetart.com.br\/baixada\/wp-json\/wp\/v2\/media?parent=2575"}],"wp:term":[{"taxonomy":"category","embeddable":true,"href":"https:\/\/hostnetart.com.br\/baixada\/wp-json\/wp\/v2\/categories?post=2575"},{"taxonomy":"post_tag","embeddable":true,"href":"https:\/\/hostnetart.com.br\/baixada\/wp-json\/wp\/v2\/tags?post=2575"}],"curies":[{"name":"wp","href":"https:\/\/api.w.org\/{rel}","templated":true}]}}