{"id":2573,"date":"2017-07-05T00:15:58","date_gmt":"2017-07-05T03:15:58","guid":{"rendered":"https:\/\/hostnetart.com.br\/baixada\/senado-vota-reforma-trabalhista-dia-11\/"},"modified":"2017-07-05T00:15:58","modified_gmt":"2017-07-05T03:15:58","slug":"senado-vota-reforma-trabalhista-dia-11","status":"publish","type":"post","link":"https:\/\/hostnetart.com.br\/baixada\/senado-vota-reforma-trabalhista-dia-11\/","title":{"rendered":"Senado vota reforma trabalhista dia 11"},"content":{"rendered":"<p>Acabou h\u00e1 pouco a reuni\u00e3o de l\u00edderes do Senado Federal, na qual ficou definido que o PLC 38\/2017, que trata da reforma trabalhista, ser\u00e1 votado em Plen\u00e1rio na pr\u00f3xima ter\u00e7a-feira (11).<\/p>\n<p>O presidente da CTB, Adilson Ara\u00fajo, conclama a milit\u00e2ncia da central a empenhar todo o esfor\u00e7o na press\u00e3o aos senadores, especialmente em suas bases eleitorais.<\/p>\n<p>&#8220;N\u00e3o podemos titubear na defesa das conquistas da classe trabalhadora. A hora \u00e9 de resistir a todo custo na defesa dos direitos consagrados na Consolida\u00e7\u00e3o das Leis do Trabalho (CLT). N\u00e3o h\u00e1 tr\u00e9gua na luta pela democracia e pelos direitos sociais e trabalhistas&#8221;, reiterou.<\/p>\n<p>Fonte: Portal CTB<\/p>\n","protected":false},"excerpt":{"rendered":"<p>Acabou h\u00e1 pouco a reuni\u00e3o de l\u00edderes do Senado Federal, na qual ficou definido que o PLC 38\/2017, que trata da reforma trabalhista, ser\u00e1 votado em Plen\u00e1rio na pr\u00f3xima ter\u00e7a-feira (11). O presidente da CTB, Adilson Ara\u00fajo, conclama a milit\u00e2ncia da central a empenhar todo o esfor\u00e7o na press\u00e3o aos senadores, especialmente em suas bases [&hellip;]<\/p>\n","protected":false},"author":2,"featured_media":2572,"comment_status":"","ping_status":"","sticky":false,"template":"","format":"standard","meta":{"footnotes":""},"categories":[3],"tags":[],"class_list":["post-2573","post","type-post","status-publish","format-standard","has-post-thumbnail","hentry","category-noticias"],"_links":{"self":[{"href":"https:\/\/hostnetart.com.br\/baixada\/wp-json\/wp\/v2\/posts\/2573","targetHints":{"allow":["GET"]}}],"collection":[{"href":"https:\/\/hostnetart.com.br\/baixada\/wp-json\/wp\/v2\/posts"}],"about":[{"href":"https:\/\/hostnetart.com.br\/baixada\/wp-json\/wp\/v2\/types\/post"}],"author":[{"embeddable":true,"href":"https:\/\/hostnetart.com.br\/baixada\/wp-json\/wp\/v2\/users\/2"}],"replies":[{"embeddable":true,"href":"https:\/\/hostnetart.com.br\/baixada\/wp-json\/wp\/v2\/comments?post=2573"}],"version-history":[{"count":0,"href":"https:\/\/hostnetart.com.br\/baixada\/wp-json\/wp\/v2\/posts\/2573\/revisions"}],"wp:featuredmedia":[{"embeddable":true,"href":"https:\/\/hostnetart.com.br\/baixada\/wp-json\/wp\/v2\/media\/2572"}],"wp:attachment":[{"href":"https:\/\/hostnetart.com.br\/baixada\/wp-json\/wp\/v2\/media?parent=2573"}],"wp:term":[{"taxonomy":"category","embeddable":true,"href":"https:\/\/hostnetart.com.br\/baixada\/wp-json\/wp\/v2\/categories?post=2573"},{"taxonomy":"post_tag","embeddable":true,"href":"https:\/\/hostnetart.com.br\/baixada\/wp-json\/wp\/v2\/tags?post=2573"}],"curies":[{"name":"wp","href":"https:\/\/api.w.org\/{rel}","templated":true}]}}