{"id":2571,"date":"2017-07-05T00:14:23","date_gmt":"2017-07-05T03:14:23","guid":{"rendered":"https:\/\/hostnetart.com.br\/baixada\/bancarios-aumentam-mobilizacao-contra-privatizacao-dos-bancos-publicos\/"},"modified":"2017-07-05T00:14:23","modified_gmt":"2017-07-05T03:14:23","slug":"bancarios-aumentam-mobilizacao-contra-privatizacao-dos-bancos-publicos","status":"publish","type":"post","link":"https:\/\/hostnetart.com.br\/baixada\/bancarios-aumentam-mobilizacao-contra-privatizacao-dos-bancos-publicos\/","title":{"rendered":"Banc\u00e1rios aumentam mobiliza\u00e7\u00e3o contra privatiza\u00e7\u00e3o dos bancos p\u00fablicos"},"content":{"rendered":"<p><strong>Ap\u00f3s o congresso encerrado no \u00faltimo domingo (2), os funcion\u00e1rios do Banco do Brasil e da Caixa Econ\u00f4mica decidiram enfrentar os desmontes promovidos pelo governo de Michel Temer com o objetivo de privatizar os bancos p\u00fablicos.<\/strong><\/p>\n<p>Para a presidenta do Sindicato dos Banc\u00e1rios de S\u00e3o Paulo, Osasco e regi\u00e3o e diretora executiva da CUT, Juvandia Moreira, o atual governo federal adota medidas parecidas ao governo de S\u00e3o Paulo, em 2000, quando privatizou o Banespa. &#8220;Privatiza\u00e7\u00e3o e o desmonte aos poucos, com fechamento de setores. O Banco do Brasil fechou quase 800 ag\u00eancias, a Caixa est\u00e1 indo no mesmo caminho. Isso \u00e9 desmonte, eles quebram para privatizar.&#8221;<\/p>\n<p>O secret\u00e1rio-geral da Confedera\u00e7\u00e3o Nacional dos Trabalhadores do Ramo Financeiro (Contraf-CUT), Carlos de Souza, lamenta a adversidade da conjuntura atual e explica que ser\u00e1 lan\u00e7ada uma frente parlamentar para &#8220;mudar a situa\u00e7\u00e3o&#8221;. &#8220;Come\u00e7amos os congressos dos banc\u00e1rios do BB e da Caixa com o lan\u00e7amento da Frente Parlamentar Mista em Defesa dos Bancos P\u00fablicos. Todas as correntes que atuam no movimento sindical banc\u00e1rio concordam com a defesa dos bancos p\u00fablicos&#8221;, afirmou.<\/p>\n<p>O senador Lindbergh Farias (PT-RJ) \u00e9 o presidente da Frente. Ele esteve presente no congresso conjunto dos trabalhadores dos dois bancos.<\/p>\n<p>Al\u00e9m da resist\u00eancia pela n\u00e3o privatiza\u00e7\u00e3o dos bancos p\u00fablicos, os delegados tamb\u00e9m decidiram intensificar a campanha contra as reformas trabalhista e previdenci\u00e1ria, propostas pelo governo Temer.<\/p>\n","protected":false},"excerpt":{"rendered":"<p>Ap\u00f3s o congresso encerrado no \u00faltimo domingo (2), os funcion\u00e1rios do Banco do Brasil e da Caixa Econ\u00f4mica decidiram enfrentar os desmontes promovidos pelo governo de Michel Temer com o objetivo de privatizar os bancos p\u00fablicos. Para a presidenta do Sindicato dos Banc\u00e1rios de S\u00e3o Paulo, Osasco e regi\u00e3o e diretora executiva da CUT, Juvandia [&hellip;]<\/p>\n","protected":false},"author":2,"featured_media":2570,"comment_status":"","ping_status":"","sticky":false,"template":"","format":"standard","meta":{"footnotes":""},"categories":[3],"tags":[],"class_list":["post-2571","post","type-post","status-publish","format-standard","has-post-thumbnail","hentry","category-noticias"],"_links":{"self":[{"href":"https:\/\/hostnetart.com.br\/baixada\/wp-json\/wp\/v2\/posts\/2571","targetHints":{"allow":["GET"]}}],"collection":[{"href":"https:\/\/hostnetart.com.br\/baixada\/wp-json\/wp\/v2\/posts"}],"about":[{"href":"https:\/\/hostnetart.com.br\/baixada\/wp-json\/wp\/v2\/types\/post"}],"author":[{"embeddable":true,"href":"https:\/\/hostnetart.com.br\/baixada\/wp-json\/wp\/v2\/users\/2"}],"replies":[{"embeddable":true,"href":"https:\/\/hostnetart.com.br\/baixada\/wp-json\/wp\/v2\/comments?post=2571"}],"version-history":[{"count":0,"href":"https:\/\/hostnetart.com.br\/baixada\/wp-json\/wp\/v2\/posts\/2571\/revisions"}],"wp:featuredmedia":[{"embeddable":true,"href":"https:\/\/hostnetart.com.br\/baixada\/wp-json\/wp\/v2\/media\/2570"}],"wp:attachment":[{"href":"https:\/\/hostnetart.com.br\/baixada\/wp-json\/wp\/v2\/media?parent=2571"}],"wp:term":[{"taxonomy":"category","embeddable":true,"href":"https:\/\/hostnetart.com.br\/baixada\/wp-json\/wp\/v2\/categories?post=2571"},{"taxonomy":"post_tag","embeddable":true,"href":"https:\/\/hostnetart.com.br\/baixada\/wp-json\/wp\/v2\/tags?post=2571"}],"curies":[{"name":"wp","href":"https:\/\/api.w.org\/{rel}","templated":true}]}}