{"id":2569,"date":"2017-07-04T16:10:02","date_gmt":"2017-07-04T19:10:02","guid":{"rendered":"https:\/\/hostnetart.com.br\/baixada\/papa-francisco-elogia-sindicatos-e-clama-por-pacto-social\/"},"modified":"2017-07-04T16:10:02","modified_gmt":"2017-07-04T19:10:02","slug":"papa-francisco-elogia-sindicatos-e-clama-por-pacto-social","status":"publish","type":"post","link":"https:\/\/hostnetart.com.br\/baixada\/papa-francisco-elogia-sindicatos-e-clama-por-pacto-social\/","title":{"rendered":"Papa Francisco elogia sindicatos e clama por pacto social"},"content":{"rendered":"<p><strong>Pont\u00edfice tamb\u00e9m criticou gan\u00e2ncia dos empres\u00e1rios e do mercado<\/strong><\/p>\n<p>O Papa Francisco voltou a criticar o modelo de capitalismo explorat\u00f3rio e especulador em voga no mundo todo. Para sua santidade, \u00e9 necess\u00e1rio estabelecer uma nova ordem mundial em que os interesses da sociedade se coloquem \u00e0 frente do interesse do capital.\u00a0 O Papa voltou a surpreender e elogiou a atua\u00e7\u00e3o das entidades sindicais como uma forma de construir o novo pacto social.<\/p>\n<p>A mensagem de Francisco foi proferida um dia antes da &#8220;Missa de S\u00e3o Pedro e S\u00e3o Paulo&#8221;. O texto foi endere\u00e7ado aos delegados da Confedera\u00e7\u00e3o Italiana Sindical dos Trabalhadores (CISL) neste dia 28.<\/p>\n<p>Para o Papa Francisco, diante da crise do capitalismo, \u00e9 essencial destacar o papel dos sindicatos.\u00a0 &#8220;N\u00e3o h\u00e1 uma boa sociedade sem um bom sindicato e n\u00e3o h\u00e1 um sindicato bom que n\u00e3o esteja dentro das periferias com objetivo de transformar o modelo econ\u00f4mico&#8221;, avaliou o santo padre.<\/p>\n<p>Embora o Papa tenha destacado a import\u00e2ncia das entidades sindicais, Francisco tamb\u00e9m observou que muitas entidades perdem seu foco de atua\u00e7\u00e3o.<\/p>\n<p>\u00a0\u00a0\u00a0 &#8220;Em nossas sociedades capitalistas avan\u00e7adas h\u00e1 entidades sindicais perdendo desta natureza prof\u00e9tica, e tornam-se demasiado semelhantes \u00e0s institui\u00e7\u00f5es e poderes que deveriam criticar.<\/p>\n<p>&#8220;Em nossas sociedades capitalistas avan\u00e7adas h\u00e1 entidades sindicais perdendo desta natureza prof\u00e9tica, e tornam-se demasiado semelhantes \u00e0s institui\u00e7\u00f5es e poderes que deveriam criticar. A uni\u00e3o com o tempo passou a se assemelhar a pol\u00edtica demais, ou melhor, a partidos pol\u00edticos, a sua l\u00edngua, seu estilo. Mas, se voc\u00ea perder esta dimens\u00e3o t\u00edpica e diferente, tamb\u00e9m a a\u00e7\u00e3o em neg\u00f3cios perdeu o poder e a sua efic\u00e1cia&#8221;, alertou.<\/p>\n<p><em>Novo pacto social<\/em><\/p>\n<p>Francisco voltou a falar de um novo pacto social. Seu discurso cai como uma luva para o momento em que passa o Brasil quando direitos dos trabalhadores s\u00e3o retirados por pol\u00edticos por meio de reformas trabalhistas e previdenci\u00e1ria. <\/p>\n<p>O Papa Francisco criticou a gan\u00e2ncia dos empres\u00e1rios e do mercado. &#8220;\u00c9 uma empresa insensata e m\u00edope que obriga o idoso a trabalhar muito tempo e requer toda uma gera\u00e7\u00e3o de jovens a trabalhar quando deveriam faz\u00ea-lo para eles e para todos&#8221;, disse o Pont\u00edfice, que lembrou que &#8220;nem sempre nem toda a gente tem direito a se aposentar porque eles t\u00eam jornadas em desigualdades no tempo de trabalho se torna perene&#8221;.<\/p>\n<p>\u00a0<\/p>\n<p>Fonte: Brasil de Fato<\/p>\n","protected":false},"excerpt":{"rendered":"<p>Pont\u00edfice tamb\u00e9m criticou gan\u00e2ncia dos empres\u00e1rios e do mercado O Papa Francisco voltou a criticar o modelo de capitalismo explorat\u00f3rio e especulador em voga no mundo todo. Para sua santidade, \u00e9 necess\u00e1rio estabelecer uma nova ordem mundial em que os interesses da sociedade se coloquem \u00e0 frente do interesse do capital.\u00a0 O Papa voltou a [&hellip;]<\/p>\n","protected":false},"author":2,"featured_media":2568,"comment_status":"","ping_status":"","sticky":false,"template":"","format":"standard","meta":{"footnotes":""},"categories":[3],"tags":[],"class_list":["post-2569","post","type-post","status-publish","format-standard","has-post-thumbnail","hentry","category-noticias"],"_links":{"self":[{"href":"https:\/\/hostnetart.com.br\/baixada\/wp-json\/wp\/v2\/posts\/2569","targetHints":{"allow":["GET"]}}],"collection":[{"href":"https:\/\/hostnetart.com.br\/baixada\/wp-json\/wp\/v2\/posts"}],"about":[{"href":"https:\/\/hostnetart.com.br\/baixada\/wp-json\/wp\/v2\/types\/post"}],"author":[{"embeddable":true,"href":"https:\/\/hostnetart.com.br\/baixada\/wp-json\/wp\/v2\/users\/2"}],"replies":[{"embeddable":true,"href":"https:\/\/hostnetart.com.br\/baixada\/wp-json\/wp\/v2\/comments?post=2569"}],"version-history":[{"count":0,"href":"https:\/\/hostnetart.com.br\/baixada\/wp-json\/wp\/v2\/posts\/2569\/revisions"}],"wp:featuredmedia":[{"embeddable":true,"href":"https:\/\/hostnetart.com.br\/baixada\/wp-json\/wp\/v2\/media\/2568"}],"wp:attachment":[{"href":"https:\/\/hostnetart.com.br\/baixada\/wp-json\/wp\/v2\/media?parent=2569"}],"wp:term":[{"taxonomy":"category","embeddable":true,"href":"https:\/\/hostnetart.com.br\/baixada\/wp-json\/wp\/v2\/categories?post=2569"},{"taxonomy":"post_tag","embeddable":true,"href":"https:\/\/hostnetart.com.br\/baixada\/wp-json\/wp\/v2\/tags?post=2569"}],"curies":[{"name":"wp","href":"https:\/\/api.w.org\/{rel}","templated":true}]}}